{"id":228709,"date":"2009-09-03T07:00:29","date_gmt":"2009-09-03T07:00:29","guid":{"rendered":"https:\/\/archivio.cercoiltuovolto.it\/?p=228709"},"modified":"2009-09-03T07:00:29","modified_gmt":"2009-09-03T07:00:29","slug":"i-temi-del-prossimo-incontro-uomini-e-religioni-a-cracovia","status":"publish","type":"post","link":"https:\/\/archivio.cercoiltuovolto.it\/?p=228709","title":{"rendered":"I temi del prossimo Incontro &#8220;Uomini e religioni&#8221; a Cracovia"},"content":{"rendered":"<p style=\"text-align: justify;\"><a rel=\"lightbox\" href=\"http:\/\/www.cercoiltuovolto.it\/\/wp-content\/uploads\/2009\/09\/cracovia_2009_logo_prehome.jpg\"><img loading=\"lazy\" decoding=\"async\" class=\"alignleft size-medium wp-image-6536\" title=\"Il logo\" src=\"http:\/\/www.cercoiltuovolto.it\/\/wp-content\/uploads\/2009\/09\/cracovia_2009_logo_prehome-212x300.jpg\" alt=\"Il logo\" width=\"212\" height=\"300\" \/><\/a>Benedetto XVI ha ricevuto ieri (31\/08\/2009) in udienza Andrea Riccardi, fondatore della Comunit\u00e0 di Sant\u2019Egidio, il presidente Marco Impagliazzo e il vescovo Vincenzo Paglia, che guida la commissione della Conferenza episcopale italiana per l\u2019ecumenismo e il dialogo. Nel corso dell\u2019incontro, svoltosi alla vigilia dell\u2019odierna memoria liturgica di Sant\u2019Egidio, sono stati affrontati i temi della povert\u00e0 nel mondo, della cura dell\u2019Aids in Africa, e soprattutto del prossimo <a href=\"http:\/\/www.santegidio.org\/index.php?pageID=905&amp;idLng=1062\" target=\"_blank\">Incontro interreligioso di preghiera per la pace \u201cUomini e Religioni\u201d<\/a>, che per il 2009 la Comunit\u00e0 organizza <strong>a Cracovia dal 6 all\u20198 settembre prossimi<\/strong> (anche con dirette video). Sull\u2019importanza di quest\u2019evento <em>Stefano Leszczynski<\/em> ha intervistato Marco Impagliazzo, presidente della Comunit\u00e0 di Sant\u2019Egidio.<\/p>\n<p style=\"text-align: justify;\">R. &#8211; L\u2019importanza \u00e8 legata al fatto che siamo a 70 anni dall\u2019inizio della Seconda Guerra Mondiale e a 20 anni dalla caduta del Muro di Berlino. Ci sono due date che ci hanno spinto a ritrovarci a Cracovia, perch\u00e9 la Polonia fu proprio il luogo dove inizi\u00f2 la Seconda Guerra Mondiale. Noi vogliamo dare un messaggio forte proprio da quel luogo e dalla citt\u00e0 di Giovanni Paolo II: che bisogna superare la logica del conflitto e della guerra e scegliere definitivamente per il dialogo tra le religioni e le culture.<\/p>\n<p style=\"text-align: justify;\"><strong>D. &#8211; Molti saranno gli incontri, moltissimi i temi che verranno trattati, tante le personalit\u00e0. E\u2019 possibile sintetizzarlo?<\/strong><\/p>\n<p style=\"text-align: justify;\">R. &#8211; Ci saranno dei temi di carattere spirituale: penso a quelli sul valore della preghiera nelle varie religioni o sul valore delle Sacre Scritture nelle tre religioni monoteiste, oppure temi legati al dialogo tra le religioni, tra le culture o al dialogo ecumenico. Ma poi anche temi di grande interesse sociale e politico: la questione dell\u2019immigrazione in Europa, la questione del ruolo che l\u2019Europa pu\u00f2 giocare nel mondo. La Polonia, lo sappiamo, \u00e8 un Paese che ha voluto fortemente la sua appartenenza europea. E poi guarderemo al mondo, all\u2019America Latina, all\u2019Africa e alle tante sfide che si aprono in questo tempo.<\/p>\n<p style=\"text-align: justify;\"><strong>D. &#8211; Un evento particolarmente significativo sar\u00e0 il pellegrinaggio ad Auschwitz, luogo di orrori, luogo legato alla Seconda Guerra Mondiale, ma anche luogo di dissapori contemporanei e di tensioni&#8230;<\/strong><\/p>\n<p style=\"text-align: justify;\">R. &#8211; Noi abbiamo voluto fermarci ad Auschwitz per rendere omaggio al luogo che pi\u00f9 di ogni altro, nella storia del nostro mondo contemporaneo, ha segnato l\u2019abisso della crudelt\u00e0 e del dolore. Faremo un pellegrinaggio silenzioso, una visita al museo di Auschwitz, un pellegrinaggio silenzioso a Birkenau, dove prenderanno la parola soltanto due persone: un ex prigioniero ebreo, che oggi \u00e8 il rabbino Lau &#8211; presidente del Museo Yad Vashem a Gerusalemme e che \u00e8 stato prigioniero ad Auschwitz &#8211; e una donna zingara austriaca, perch\u00e8 \u00e8 stata prigioniera anch\u2019essa come zingara in un campo di sterminio. Dopo queste due voci, poi, saremo tutti l\u00ec a deporre delle corone di fiori &#8211; compresi i musulmani &#8211; nel luogo dove si ricorda la morte di sei milioni di ebrei.<\/p>\n<p style=\"text-align: justify;\"><strong>D. &#8211; Uno spazio \u00e8 dedicato all\u2019Africa. Quali sono i temi centrali per quanto riguarda questo continente, che \u00e8 estremamente legato ormai al resto del mondo?<\/strong><\/p>\n<p style=\"text-align: justify;\">R. &#8211; Ne abbiamo discusso anche ieri con il Santo Padre nell\u2019udienza che ci ha concesso per la festa di Sant\u2019Egidio. Siamo alla vigilia del Sinodo africano. Il Papa ha compiuto da poco il suo primo viaggio apostolico in Africa, in Camerun e in Angola. Abbiamo constatato, anche parlando con il Santo Padre, la forza che pu\u00f2 avere un discorso religioso per far s\u00ec che l\u2019Africa rinasca. Qual \u00e8 l\u2019impegno di Sant\u2019Egidio in Africa? Innanzitutto, l\u2019impegno di far crescere, propagare la fede, l\u2019evangelizzazione, ma anche di stare vicino ai tanti drammi che vive l\u2019Africa oggi, primo fra tutti l\u2019Aids. Noi siamo in dieci Paesi africani a curare l\u2019Aids con 80 mila persone sotto trattamento antiretrovirale. Da queste persone &#8211; abbiamo raccontato anche al Papa, che si \u00e8 molto rallegrato di questo &#8211; sono nate tante storie di resurrezione. L\u2019Africa pu\u00f2 risorgere se si comunica il Vangelo e se i cristiani del nord del mondo sanno essere vicini e pi\u00f9 fratelli dei loro fratelli africani.<\/p>\n<p style=\"text-align: justify;\"><strong>Fonte<\/strong>: Radio Vaticana<\/p>\n<h4>Ascolta l&#8217;intervista<\/h4>\n","protected":false},"excerpt":{"rendered":"<p>Benedetto XVI ha ricevuto ieri (31\/08\/2009) in udienza Andrea Riccardi, fondatore della Comunit\u00e0 di Sant\u2019Egidio, il presidente Marco Impagliazzo e il vescovo Vincenzo Paglia, che guida la commissione della Conferenza episcopale italiana per l\u2019ecumenismo e il dialogo. Nel corso dell\u2019incontro, svoltosi alla vigilia dell\u2019odierna memoria liturgica di Sant\u2019Egidio, sono stati affrontati i temi della povert\u00e0&#8230;<\/p>\n","protected":false},"author":3,"featured_media":0,"comment_status":"closed","ping_status":"closed","sticky":false,"template":"","format":"standard","meta":{"_kad_post_transparent":"","_kad_post_title":"","_kad_post_layout":"","_kad_post_sidebar_id":"","_kad_post_content_style":"","_kad_post_vertical_padding":"","_kad_post_feature":"","_kad_post_feature_position":"","_kad_post_header":false,"_kad_post_footer":false,"_kad_post_classname":"","footnotes":""},"categories":[99,4],"tags":[],"class_list":["post-228709","post","type-post","status-publish","format-standard","hentry","category-99","category-audio-cattolici"],"_links":{"self":[{"href":"https:\/\/archivio.cercoiltuovolto.it\/index.php?rest_route=\/wp\/v2\/posts\/228709","targetHints":{"allow":["GET"]}}],"collection":[{"href":"https:\/\/archivio.cercoiltuovolto.it\/index.php?rest_route=\/wp\/v2\/posts"}],"about":[{"href":"https:\/\/archivio.cercoiltuovolto.it\/index.php?rest_route=\/wp\/v2\/types\/post"}],"author":[{"embeddable":true,"href":"https:\/\/archivio.cercoiltuovolto.it\/index.php?rest_route=\/wp\/v2\/users\/3"}],"replies":[{"embeddable":true,"href":"https:\/\/archivio.cercoiltuovolto.it\/index.php?rest_route=%2Fwp%2Fv2%2Fcomments&post=228709"}],"version-history":[{"count":0,"href":"https:\/\/archivio.cercoiltuovolto.it\/index.php?rest_route=\/wp\/v2\/posts\/228709\/revisions"}],"wp:attachment":[{"href":"https:\/\/archivio.cercoiltuovolto.it\/index.php?rest_route=%2Fwp%2Fv2%2Fmedia&parent=228709"}],"wp:term":[{"taxonomy":"category","embeddable":true,"href":"https:\/\/archivio.cercoiltuovolto.it\/index.php?rest_route=%2Fwp%2Fv2%2Fcategories&post=228709"},{"taxonomy":"post_tag","embeddable":true,"href":"https:\/\/archivio.cercoiltuovolto.it\/index.php?rest_route=%2Fwp%2Fv2%2Ftags&post=228709"}],"curies":[{"name":"wp","href":"https:\/\/api.w.org\/{rel}","templated":true}]}}