{"id":228697,"date":"2009-08-31T07:21:29","date_gmt":"2009-08-31T07:21:29","guid":{"rendered":"https:\/\/archivio.cercoiltuovolto.it\/?p=228697"},"modified":"2009-08-31T07:21:29","modified_gmt":"2009-08-31T07:21:29","slug":"angelus-del-30-agosto-2009-in-mp3","status":"publish","type":"post","link":"https:\/\/archivio.cercoiltuovolto.it\/?p=228697","title":{"rendered":"Angelus del 30 agosto 2009 in mp3"},"content":{"rendered":"<p><a rel=\"lightbox\" href=\"http:\/\/www.cercoiltuovolto.it\/\/wp-content\/uploads\/2009\/08\/or967834.jpg\"><img loading=\"lazy\" decoding=\"async\" class=\"alignleft size-medium wp-image-6405\" title=\"SS Benedetto XVI - Palazzo Apostolico di Castel Gandolfo , Angelus Domini - 30-08-2009\" src=\"http:\/\/www.cercoiltuovolto.it\/\/wp-content\/uploads\/2009\/08\/or967834-199x300.jpg\" alt=\"SS Benedetto XVI - Palazzo Apostolico di Castel Gandolfo , Angelus Domini - 30-08-2009\" width=\"199\" height=\"300\" \/><\/a>Cari fratelli e sorelle!<\/p>\n<p style=\"text-align: justify;\">Tre giorni fa, il 27 agosto, abbiamo celebrato la memoria liturgica di santa Monica, madre di sant\u2019Agostino, considerata modello e patrona delle madri cristiane. Di lei molte notizie ci vengono fornite dal figlio nel libro autobiografico <em>Le confessioni<\/em>, capolavoro tra i pi\u00f9 letti di tutti i tempi. Qui apprendiamo che sant\u2019Agostino bevve il nome di Ges\u00f9 con il latte materno e fu educato dalla madre nella religione cristiana, i cui princ\u00ecpi gli rimarranno impressi anche negli anni di sbandamento spirituale e morale. Monica non smise mai di pregare per lui e per la sua conversione, ed ebbe la consolazione di vederlo ritornare alla fede e ricevere il battesimo. Iddio esaud\u00ec le preghiere di questa santa mamma, alla quale il Vescovo di Tagaste aveva detto: &#8220;\u00c8 impossibile che un figlio di tante lacrime vada perduto&#8221;. In verit\u00e0, sant\u2019Agostino non solo si convert\u00ec, ma decise di abbracciare la vita monastica e, ritornato in Africa, fond\u00f2 egli stesso una comunit\u00e0 di monaci. Commoventi ed edificanti sono gli ultimi colloqui spirituali tra lui e la madre nella quiete di una casa di Ostia, in attesa di imbarcarsi per l\u2019Africa. Ormai santa Monica era diventata, per questo suo figlio, &#8220;pi\u00f9 che madre, la sorgente del suo cristianesimo&#8221;. Il suo unico desiderio era stato per anni la conversione di Agostino, che ora vedeva orientato addirittura verso una vita di consacrazione al servizio di Dio. Poteva pertanto morire contenta, ed effettivamente si spense il 27 agosto del 387, a 56 anni, dopo aver chiesto ai figli di non darsi pena per la sua sepoltura, ma di ricordarsi di lei, dovunque si trovassero, all\u2019altare del Signore. Sant\u2019Agostino ripeteva che sua madre lo aveva &#8220;generato due volte&#8221;. [Leggi tutto il messaggio]<em> \u00a9 Copyright 2009 &#8211; Libreria  Editrice Vaticana<\/em><\/p>\n<p class=\"info\">Link al file <strong>video<\/strong> (necessita di Apple Quick Time)<\/p>\n<p style=\"text-align: left;\"><img decoding=\"async\" style=\"vertical-align: middle;\" title=\"Link\" src=\"http:\/\/www.cercoiltuovolto.it\/\/images\/web.png\" alt=\"Link\" \/> <strong>Fonte<\/strong>: Radio Vaticana via FeedRss | <strong>Fotografia<\/strong>: <a href=\"https:\/\/www.photo.va\/\" target=\"_blank\">Osservatore Romano<\/a><\/p>\n<p style=\"text-align: justify;\"><span style=\"font-size: xx-small;\"><em>(The content of this podcast is copyrighted by Vatican Radio which, according to  its statute, is entrusted to manage and protect the sound recordings of the  Roman Pontiff, ensuring that their pastoral character and intellectual  property&#8217;s rights are protected when used by third parties. The content of this  podcast is made available only for personal and private use and cannot be  exploited for commercial purposes, without prior written authorization by  Vatican Radio. For further information, please contact the International  Relation Office at relint@vatiradio.va)<\/em><\/span><\/p>\n","protected":false},"excerpt":{"rendered":"<p>Cari fratelli e sorelle! Tre giorni fa, il 27 agosto, abbiamo celebrato la memoria liturgica di santa Monica, madre di sant\u2019Agostino, considerata modello e patrona delle madri cristiane. Di lei molte notizie ci vengono fornite dal figlio nel libro autobiografico Le confessioni, capolavoro tra i pi\u00f9 letti di tutti i tempi. Qui apprendiamo che sant\u2019Agostino&#8230;<\/p>\n","protected":false},"author":3,"featured_media":0,"comment_status":"closed","ping_status":"closed","sticky":false,"template":"","format":"standard","meta":{"_kad_post_transparent":"","_kad_post_title":"","_kad_post_layout":"","_kad_post_sidebar_id":"","_kad_post_content_style":"","_kad_post_vertical_padding":"","_kad_post_feature":"","_kad_post_feature_position":"","_kad_post_header":false,"_kad_post_footer":false,"_kad_post_classname":"","footnotes":""},"categories":[99,114],"tags":[115,73],"class_list":["post-228697","post","type-post","status-publish","format-standard","hentry","category-99","category-angelus","tag-audio","tag-benedetto-xvi"],"_links":{"self":[{"href":"https:\/\/archivio.cercoiltuovolto.it\/index.php?rest_route=\/wp\/v2\/posts\/228697","targetHints":{"allow":["GET"]}}],"collection":[{"href":"https:\/\/archivio.cercoiltuovolto.it\/index.php?rest_route=\/wp\/v2\/posts"}],"about":[{"href":"https:\/\/archivio.cercoiltuovolto.it\/index.php?rest_route=\/wp\/v2\/types\/post"}],"author":[{"embeddable":true,"href":"https:\/\/archivio.cercoiltuovolto.it\/index.php?rest_route=\/wp\/v2\/users\/3"}],"replies":[{"embeddable":true,"href":"https:\/\/archivio.cercoiltuovolto.it\/index.php?rest_route=%2Fwp%2Fv2%2Fcomments&post=228697"}],"version-history":[{"count":0,"href":"https:\/\/archivio.cercoiltuovolto.it\/index.php?rest_route=\/wp\/v2\/posts\/228697\/revisions"}],"wp:attachment":[{"href":"https:\/\/archivio.cercoiltuovolto.it\/index.php?rest_route=%2Fwp%2Fv2%2Fmedia&parent=228697"}],"wp:term":[{"taxonomy":"category","embeddable":true,"href":"https:\/\/archivio.cercoiltuovolto.it\/index.php?rest_route=%2Fwp%2Fv2%2Fcategories&post=228697"},{"taxonomy":"post_tag","embeddable":true,"href":"https:\/\/archivio.cercoiltuovolto.it\/index.php?rest_route=%2Fwp%2Fv2%2Ftags&post=228697"}],"curies":[{"name":"wp","href":"https:\/\/api.w.org\/{rel}","templated":true}]}}