{"id":228691,"date":"2009-08-30T06:00:25","date_gmt":"2009-08-30T06:00:25","guid":{"rendered":"https:\/\/archivio.cercoiltuovolto.it\/?p=228691"},"modified":"2009-08-30T06:00:25","modified_gmt":"2009-08-30T06:00:25","slug":"suely-facanha-nelle-tue-mani","status":"publish","type":"post","link":"https:\/\/archivio.cercoiltuovolto.it\/?p=228691","title":{"rendered":"Suely Fa\u00e7anha &#8211; &#8220;Nelle tue mani&#8221;"},"content":{"rendered":"<p style=\"text-align: justify;\"><a rel=\"lightbox\" href=\"http:\/\/www.cercoiltuovolto.it\/\/wp-content\/uploads\/2009\/08\/suely_foto.jpg\"><img loading=\"lazy\" decoding=\"async\" class=\"alignleft size-medium wp-image-6379\" title=\"Copertina del cd\" src=\"http:\/\/www.cercoiltuovolto.it\/\/wp-content\/uploads\/2009\/08\/suely_foto-300x253.jpg\" alt=\"Copertina del cd\" width=\"180\" height=\"152\" \/><\/a>Mani di Dio, sicurezza imparagonabile, fiducia incrollabile, riparo coraggioso di riposo e pace! Ecco il proclamo di Suely Fa\u00e7anha in questo suo \u201c Nelle tue mani\u201d, il suo 4\u00b0 CD di un itinerario di fede e speranza vissute come consacrata nella <a href=\"http:\/\/www.comshalom.org\/italiano\/index.php\/\" target=\"_blank\">Comunit\u00e0 Cattolica Shalom<\/a> e come donna e figlia di dio fiduciosa nel suo amore incondizionato. Nelle tue mani, Signore, questo CD. Nelle tue mani, questo ministero di bellezza e verit\u00e0. Nelle tue mani coloro che si uniranno, per mezzo della sua musica e preghiera, in un unico cuore che si offre fiducioso nelle tue mani affettuose dello Sposo, nelle tue mani misericordiose del Padre.<\/p>\n<blockquote>\n<p style=\"text-align: justify;\">\u201c Dio non hai cambiato all\u2019istante. Lui mi ha messo in cammino!\u201d<\/p>\n<p style=\"text-align: justify;\">\u201c Niente pu\u00f2 farmi essere pi\u00f9 me stessa che rimanere fedele alla volont\u00e0 di Dio\u201d.<\/p>\n<p style=\"text-align: justify;\">Suely Fa\u00e7anha<\/p>\n<\/blockquote>\n<h3>Per acquistare:<\/h3>\n<ul>\n<li>Comunit\u00e0 Cattolica Shalom<br \/>\n Via Flaminia Km 46.800<br \/>\n Cap 01033 Civita Castellana &#8211; VT<br \/>\n Cellulare : 329 605 2024<br \/>\n Fisso :0761 1762471<\/li>\n<\/ul>\n<p class=\"fonte\" style=\"text-align: justify;\">Fonte: Canto Nuovo (con tutti i brani del cd in mp3)<\/p>\n","protected":false},"excerpt":{"rendered":"<p>Mani di Dio, sicurezza imparagonabile, fiducia incrollabile, riparo coraggioso di riposo e pace! Ecco il proclamo di Suely Fa\u00e7anha in questo suo \u201c Nelle tue mani\u201d, il suo 4\u00b0 CD di un itinerario di fede e speranza vissute come consacrata nella Comunit\u00e0 Cattolica Shalom e come donna e figlia di dio fiduciosa nel suo amore&#8230;<\/p>\n","protected":false},"author":3,"featured_media":0,"comment_status":"closed","ping_status":"closed","sticky":false,"template":"","format":"standard","meta":{"_kad_post_transparent":"","_kad_post_title":"","_kad_post_layout":"","_kad_post_sidebar_id":"","_kad_post_content_style":"","_kad_post_vertical_padding":"","_kad_post_feature":"","_kad_post_feature_position":"","_kad_post_header":false,"_kad_post_footer":false,"_kad_post_classname":"","footnotes":""},"categories":[99,4],"tags":[38],"class_list":["post-228691","post","type-post","status-publish","format-standard","hentry","category-99","category-audio-cattolici","tag-musica-e-fede"],"_links":{"self":[{"href":"https:\/\/archivio.cercoiltuovolto.it\/index.php?rest_route=\/wp\/v2\/posts\/228691","targetHints":{"allow":["GET"]}}],"collection":[{"href":"https:\/\/archivio.cercoiltuovolto.it\/index.php?rest_route=\/wp\/v2\/posts"}],"about":[{"href":"https:\/\/archivio.cercoiltuovolto.it\/index.php?rest_route=\/wp\/v2\/types\/post"}],"author":[{"embeddable":true,"href":"https:\/\/archivio.cercoiltuovolto.it\/index.php?rest_route=\/wp\/v2\/users\/3"}],"replies":[{"embeddable":true,"href":"https:\/\/archivio.cercoiltuovolto.it\/index.php?rest_route=%2Fwp%2Fv2%2Fcomments&post=228691"}],"version-history":[{"count":0,"href":"https:\/\/archivio.cercoiltuovolto.it\/index.php?rest_route=\/wp\/v2\/posts\/228691\/revisions"}],"wp:attachment":[{"href":"https:\/\/archivio.cercoiltuovolto.it\/index.php?rest_route=%2Fwp%2Fv2%2Fmedia&parent=228691"}],"wp:term":[{"taxonomy":"category","embeddable":true,"href":"https:\/\/archivio.cercoiltuovolto.it\/index.php?rest_route=%2Fwp%2Fv2%2Fcategories&post=228691"},{"taxonomy":"post_tag","embeddable":true,"href":"https:\/\/archivio.cercoiltuovolto.it\/index.php?rest_route=%2Fwp%2Fv2%2Ftags&post=228691"}],"curies":[{"name":"wp","href":"https:\/\/api.w.org\/{rel}","templated":true}]}}