{"id":228679,"date":"2009-08-26T06:03:46","date_gmt":"2009-08-26T06:03:46","guid":{"rendered":"https:\/\/archivio.cercoiltuovolto.it\/?p=228679"},"modified":"2009-08-26T06:03:46","modified_gmt":"2009-08-26T06:03:46","slug":"20-agosto-2009-incontro-con-don-luigi-ciotti","status":"publish","type":"post","link":"https:\/\/archivio.cercoiltuovolto.it\/?p=228679","title":{"rendered":"20 Agosto 2009 &#8211; Incontro con Don Luigi Ciotti"},"content":{"rendered":"<p style=\"text-align: justify;\">Presso i locali della Parrocchia Santa Maria in Rosciano (Fano). Non una conferenza sul bisogno di speranza fatta di vuote parole ma una testimonianza di speranza concreta. Un&#8217;esortazione a non rimanere indifferenti all&#8217;illegalit\u00e0, all&#8217;ineguaglianza, ai diritti negati, ad andare oltre la superfice, ad avere la capacit\u00e0 di leggere il presente oltre le apparenze, ad avere progetti costruttivi concreti partendo dalla propria piccola realt\u00e0.<\/p>\n<p style=\"text-align: center;\">\n<p class=\"fonte\" style=\"text-align: center;\">Fonte : <a href=\"http:\/\/www.mediavisionmarche.net\" target=\"_blank\">MediavisionMarche<\/a><\/p>\n","protected":false},"excerpt":{"rendered":"<p>Presso i locali della Parrocchia Santa Maria in Rosciano (Fano). Non una conferenza sul bisogno di speranza fatta di vuote parole ma una testimonianza di speranza concreta. Un&#8217;esortazione a non rimanere indifferenti all&#8217;illegalit\u00e0, all&#8217;ineguaglianza, ai diritti negati, ad andare oltre la superfice, ad avere la capacit\u00e0 di leggere il presente oltre le apparenze, ad avere&#8230;<\/p>\n","protected":false},"author":3,"featured_media":0,"comment_status":"closed","ping_status":"closed","sticky":false,"template":"","format":"standard","meta":{"_kad_post_transparent":"","_kad_post_title":"","_kad_post_layout":"","_kad_post_sidebar_id":"","_kad_post_content_style":"","_kad_post_vertical_padding":"","_kad_post_feature":"","_kad_post_feature_position":"","_kad_post_header":false,"_kad_post_footer":false,"_kad_post_classname":"","footnotes":""},"categories":[99,122],"tags":[117,113],"class_list":["post-228679","post","type-post","status-publish","format-standard","hentry","category-99","category-conferenze","tag-incontri","tag-video"],"_links":{"self":[{"href":"https:\/\/archivio.cercoiltuovolto.it\/index.php?rest_route=\/wp\/v2\/posts\/228679","targetHints":{"allow":["GET"]}}],"collection":[{"href":"https:\/\/archivio.cercoiltuovolto.it\/index.php?rest_route=\/wp\/v2\/posts"}],"about":[{"href":"https:\/\/archivio.cercoiltuovolto.it\/index.php?rest_route=\/wp\/v2\/types\/post"}],"author":[{"embeddable":true,"href":"https:\/\/archivio.cercoiltuovolto.it\/index.php?rest_route=\/wp\/v2\/users\/3"}],"replies":[{"embeddable":true,"href":"https:\/\/archivio.cercoiltuovolto.it\/index.php?rest_route=%2Fwp%2Fv2%2Fcomments&post=228679"}],"version-history":[{"count":0,"href":"https:\/\/archivio.cercoiltuovolto.it\/index.php?rest_route=\/wp\/v2\/posts\/228679\/revisions"}],"wp:attachment":[{"href":"https:\/\/archivio.cercoiltuovolto.it\/index.php?rest_route=%2Fwp%2Fv2%2Fmedia&parent=228679"}],"wp:term":[{"taxonomy":"category","embeddable":true,"href":"https:\/\/archivio.cercoiltuovolto.it\/index.php?rest_route=%2Fwp%2Fv2%2Fcategories&post=228679"},{"taxonomy":"post_tag","embeddable":true,"href":"https:\/\/archivio.cercoiltuovolto.it\/index.php?rest_route=%2Fwp%2Fv2%2Ftags&post=228679"}],"curies":[{"name":"wp","href":"https:\/\/api.w.org\/{rel}","templated":true}]}}