{"id":228633,"date":"2009-07-28T06:21:23","date_gmt":"2009-07-28T06:21:23","guid":{"rendered":"https:\/\/archivio.cercoiltuovolto.it\/?p=228633"},"modified":"2009-07-28T06:21:23","modified_gmt":"2009-07-28T06:21:23","slug":"commento-al-vangelo-del-2-agosto-2009-com-catt-ungherese","status":"publish","type":"post","link":"https:\/\/archivio.cercoiltuovolto.it\/?p=228633","title":{"rendered":"Commento al Vangelo del 2 agosto 2009 &#8211; Com. Catt. Ungherese"},"content":{"rendered":"<blockquote>\n<p style=\"text-align: justify;\">Gi\u00e0 nel finale del Vangelo della scorsa settimana tirava un\u2019 aria sospetta. Subito dopo il grande segno della moltiplicazione dei pani la folla cerca Ges\u00f9, e Lui scappa. Si nasconde. La folla lo cerca per farlo re. Hanno la pancia piena e sono convinti di aver trovato \u2013 finalmente! \u2013 un messia all\u2019altezza delle loro attese. E del loro stomaco. Ma Ges\u00f9, il grande Ges\u00f9, uomo libero, scappa. Lui non \u00e8 quel re che loro cercano. Lui non \u00e8 quel messia che loro pensano di aver trovato. Non ci siamo. Non hanno capito. Bisogna ripartire. [&#8230;]<\/p>\n<\/blockquote>\n<p style=\"text-align: justify;\"><a href=\"http:\/\/marcodaviano.wordpress.com\/2009\/07\/26\/io-sono-il-pane-vivo\/\" target=\"_blank\">Leggi tutto nel sito della Comunit\u00e0<\/a><\/p>\n<p style=\"text-align: center;\">Letture: <a href=\"http:\/\/liturgia.silvestrini.org\/letture\/2009-08-02.html\" target=\"_blank\">Es 16, 2-4. 12-15; Sal.77; Ef 4, 17. 20-24; Gv 6, 24-35.<\/a><\/p>\n<p style=\"text-align: center;\">[youtube]http:\/\/www.youtube.com\/watch?v=_GAR64GfbMw[\/youtube]<\/p>\n","protected":false},"excerpt":{"rendered":"<p>Gi\u00e0 nel finale del Vangelo della scorsa settimana tirava un\u2019 aria sospetta. Subito dopo il grande segno della moltiplicazione dei pani la folla cerca Ges\u00f9, e Lui scappa. Si nasconde. La folla lo cerca per farlo re. Hanno la pancia piena e sono convinti di aver trovato \u2013 finalmente! \u2013 un messia all\u2019altezza delle loro&#8230;<\/p>\n","protected":false},"author":3,"featured_media":0,"comment_status":"closed","ping_status":"closed","sticky":false,"template":"","format":"standard","meta":{"_kad_post_transparent":"","_kad_post_title":"","_kad_post_layout":"","_kad_post_sidebar_id":"","_kad_post_content_style":"","_kad_post_vertical_padding":"","_kad_post_feature":"","_kad_post_feature_position":"","_kad_post_header":false,"_kad_post_footer":false,"_kad_post_classname":"","footnotes":""},"categories":[99,147],"tags":[22,172,113],"class_list":["post-228633","post","type-post","status-publish","format-standard","hentry","category-99","category-commento-al-vangelo","tag-francescani","tag-vangelo-della-domenica","tag-video"],"_links":{"self":[{"href":"https:\/\/archivio.cercoiltuovolto.it\/index.php?rest_route=\/wp\/v2\/posts\/228633","targetHints":{"allow":["GET"]}}],"collection":[{"href":"https:\/\/archivio.cercoiltuovolto.it\/index.php?rest_route=\/wp\/v2\/posts"}],"about":[{"href":"https:\/\/archivio.cercoiltuovolto.it\/index.php?rest_route=\/wp\/v2\/types\/post"}],"author":[{"embeddable":true,"href":"https:\/\/archivio.cercoiltuovolto.it\/index.php?rest_route=\/wp\/v2\/users\/3"}],"replies":[{"embeddable":true,"href":"https:\/\/archivio.cercoiltuovolto.it\/index.php?rest_route=%2Fwp%2Fv2%2Fcomments&post=228633"}],"version-history":[{"count":0,"href":"https:\/\/archivio.cercoiltuovolto.it\/index.php?rest_route=\/wp\/v2\/posts\/228633\/revisions"}],"wp:attachment":[{"href":"https:\/\/archivio.cercoiltuovolto.it\/index.php?rest_route=%2Fwp%2Fv2%2Fmedia&parent=228633"}],"wp:term":[{"taxonomy":"category","embeddable":true,"href":"https:\/\/archivio.cercoiltuovolto.it\/index.php?rest_route=%2Fwp%2Fv2%2Fcategories&post=228633"},{"taxonomy":"post_tag","embeddable":true,"href":"https:\/\/archivio.cercoiltuovolto.it\/index.php?rest_route=%2Fwp%2Fv2%2Ftags&post=228633"}],"curies":[{"name":"wp","href":"https:\/\/api.w.org\/{rel}","templated":true}]}}