{"id":228630,"date":"2009-07-28T05:47:47","date_gmt":"2009-07-28T05:47:47","guid":{"rendered":"https:\/\/archivio.cercoiltuovolto.it\/?p=228630"},"modified":"2009-07-28T05:47:47","modified_gmt":"2009-07-28T05:47:47","slug":"paolo-apostolo-alla-chiesa-di-oggi","status":"publish","type":"post","link":"https:\/\/archivio.cercoiltuovolto.it\/?p=228630","title":{"rendered":"Paolo apostolo alla Chiesa di oggi"},"content":{"rendered":"<h3>Prima lettera ai Corinti &#8211; Capitolo X<\/h3>\n<p style=\"text-align: justify;\">E&#8217; ancora possibile entrare in comunione coi &#8220;dem\u00f2ni&#8221;? Come pu\u00f2 il cristiano stare alla mensa del Signore e poi anche alla mensa dei &#8220;dem\u00f2ni&#8221;?<\/p>\n<ul>\n<li style=\"text-align: left;\">Data: domenica 26 luglio 2009<\/li>\n<li style=\"text-align: left;\">Tipologia incontro: Incontro pubblico<\/li>\n<li style=\"text-align: left;\">Ciclo di incontri: Paolo apostolo alla Chiesa di oggi<\/li>\n<li style=\"text-align: left;\">Ora inizio: 15.00 <\/li>\n<li style=\"text-align: left;\">Luogo: Casa parrocchiale di Mosso S.Maria<\/li>\n<li style=\"text-align: left;\">Casa parrocchiale &#8211; 13822 Mosso<\/li>\n<\/ul>\n<p><br class=\"spacer_\" \/><\/p>\n<p>Download file<\/p>\n<p class=\"fonte\">Fonte: <a href=\"http:\/\/www.lanuovaregaldi.it\/evento.cfm?evento=1172&amp;situazione=1\" target=\"_blank\">La Nuova Regaldi<\/a><\/p>\n","protected":false},"excerpt":{"rendered":"<p>Prima lettera ai Corinti &#8211; Capitolo X E&#8217; ancora possibile entrare in comunione coi &#8220;dem\u00f2ni&#8221;? Come pu\u00f2 il cristiano stare alla mensa del Signore e poi anche alla mensa dei &#8220;dem\u00f2ni&#8221;? Data: domenica 26 luglio 2009 Tipologia incontro: Incontro pubblico Ciclo di incontri: Paolo apostolo alla Chiesa di oggi Ora inizio: 15.00 Luogo: Casa parrocchiale&#8230;<\/p>\n","protected":false},"author":3,"featured_media":0,"comment_status":"closed","ping_status":"closed","sticky":false,"template":"","format":"standard","meta":{"_kad_post_transparent":"","_kad_post_title":"","_kad_post_layout":"","_kad_post_sidebar_id":"","_kad_post_content_style":"","_kad_post_vertical_padding":"","_kad_post_feature":"","_kad_post_feature_position":"","_kad_post_header":false,"_kad_post_footer":false,"_kad_post_classname":"","footnotes":""},"categories":[99,4],"tags":[117,50],"class_list":["post-228630","post","type-post","status-publish","format-standard","hentry","category-99","category-audio-cattolici","tag-incontri","tag-san-paolo"],"_links":{"self":[{"href":"https:\/\/archivio.cercoiltuovolto.it\/index.php?rest_route=\/wp\/v2\/posts\/228630","targetHints":{"allow":["GET"]}}],"collection":[{"href":"https:\/\/archivio.cercoiltuovolto.it\/index.php?rest_route=\/wp\/v2\/posts"}],"about":[{"href":"https:\/\/archivio.cercoiltuovolto.it\/index.php?rest_route=\/wp\/v2\/types\/post"}],"author":[{"embeddable":true,"href":"https:\/\/archivio.cercoiltuovolto.it\/index.php?rest_route=\/wp\/v2\/users\/3"}],"replies":[{"embeddable":true,"href":"https:\/\/archivio.cercoiltuovolto.it\/index.php?rest_route=%2Fwp%2Fv2%2Fcomments&post=228630"}],"version-history":[{"count":0,"href":"https:\/\/archivio.cercoiltuovolto.it\/index.php?rest_route=\/wp\/v2\/posts\/228630\/revisions"}],"wp:attachment":[{"href":"https:\/\/archivio.cercoiltuovolto.it\/index.php?rest_route=%2Fwp%2Fv2%2Fmedia&parent=228630"}],"wp:term":[{"taxonomy":"category","embeddable":true,"href":"https:\/\/archivio.cercoiltuovolto.it\/index.php?rest_route=%2Fwp%2Fv2%2Fcategories&post=228630"},{"taxonomy":"post_tag","embeddable":true,"href":"https:\/\/archivio.cercoiltuovolto.it\/index.php?rest_route=%2Fwp%2Fv2%2Ftags&post=228630"}],"curies":[{"name":"wp","href":"https:\/\/api.w.org\/{rel}","templated":true}]}}