{"id":228617,"date":"2009-07-23T07:00:06","date_gmt":"2009-07-23T07:00:06","guid":{"rendered":"https:\/\/archivio.cercoiltuovolto.it\/?p=228617"},"modified":"2009-07-23T07:00:06","modified_gmt":"2009-07-23T07:00:06","slug":"commento-al-vangelo-domenica-26-luglio-2009-bellanotizia","status":"publish","type":"post","link":"https:\/\/archivio.cercoiltuovolto.it\/?p=228617","title":{"rendered":"Commento al Vangelo &#8211; Domenica 26 luglio 2009 &#8211; Bellanotizia"},"content":{"rendered":"<p style=\"text-align: justify;\">Questa \u00e8 una rielaborazione <strong>audio\/video<\/strong> sulle letture della Messa di:<strong><em> DOMENICA 26 luglio 2009 &#8211; XVII DOMENICA DEL TEMPO ORDINARIO <\/em><\/strong>(Anno B) a cura di <a href=\"http:\/\/www.bellanotizia.it\" target=\"_blank\">Antonio Di Lieto<\/a>.   Il titolo della Messa, che unifica tutte le letture, secondo l&#8217;autore \u00e8: <strong>Dio moltiplica la nostra generosit\u00e0 !<\/strong><\/p>\n<p style=\"text-align: justify;\">[audio:http:\/\/www.bellanotizia.it\/Materiali\/2009%20ANNO%20B\/40_XVIITO\/MP3_-_26_Lug_09_-.mp3]<\/p>\n<p class=\"download\" style=\"text-align: justify;\"><a href=\"http:\/\/www.bellanotizia.it\/Materiali\/2009%20ANNO%20B\/40_XVIITO\/MP3_-_26_Lug_09_-.mp3\">Download file mp3<\/a><\/p>\n<p style=\"text-align: justify;\">[youtube]http:\/\/www.youtube.com\/watch?v=msgW5rYHCqk[\/youtube]<\/p>\n<p style=\"text-align: justify;\">\u00a0<\/p>\n<h2>Commento alle Letture<\/h2>\n<p><br class=\"spacer_\" \/><\/p>\n<h3><a rel=\"lightbox\" href=\"http:\/\/www.cercoiltuovolto.it\/\/wp-content\/uploads\/2009\/07\/041.jpg\"><img loading=\"lazy\" decoding=\"async\" class=\"alignleft size-medium wp-image-6166\" title=\"Da Evangelicae Historiae Imagines\" src=\"http:\/\/www.cercoiltuovolto.it\/\/wp-content\/uploads\/2009\/07\/041-182x300.jpg\" alt=\"Da Evangelicae Historiae Imagines\" width=\"182\" height=\"300\" \/><\/a>PRIMA LETTURA (dal secondo libro dei Re 4,42-44)<\/h3>\n<p style=\"margin-left: 0pt; margin-right: 0pt; text-align: justify;\">In quei giorni, un uomo si mise in viaggio dalla citt\u00e0 pagana di Baal-Salis\u00e0, per portare al profeta Elis\u00e8o le primizie del suo grano e 20 panini: con grande GENEROSITA&#8217;. Ma Eliseo, con altrettanta GENEROSITA&#8217; rispose: &#8220;Dalli a questa gente: perch\u00e8 loro ne hanno pi\u00f9 bisogno di me!&#8221;. L&#8217;uomo allora si guard\u00f2 intorno e disse: &#8220;Ma qui ci saranno almeno 100 persone: ed i miei panini sono solo 20!&#8221;. Ma Elis\u00e8o insistendo rispose: &#8220;Abbi fede, il Signore li far\u00e0 bastare per tutti: e pure ne avanzer\u00e0!&#8221;. Quello li diede alla folla, tutti si saziarono e ne avanz\u00f2: proprio come aveva detto il Signore, per bocca del profeta. &#8230; E&#8217; proprio vero: Dio sempre MOLTIPLICA LA NOSTRA GENEROSIT\u00c0 !<\/p>\n<h3>SALMO RESPONSORIALE (Salmo 144,10-11.15-18)<\/h3>\n<p style=\"margin-left: 0pt; margin-right: 0pt; text-align: justify;\">Tu apri la mano, Signore: e con la Tua GENEROSIT\u00c0 sazi ogni essere vivente. Ti lodino Signore, tutte le tue creature: ti benedicano i tuoi fedeli. Parlino della tua potenza: raccontino la tua bellezza. Tutte le creature tendono gli occhi verso di Te, Signore: e tu dai loro il cibo al momento opportuno. Apri la tua mano: e con la Tua GENEROSIT\u00c0 sazi ogni essere vivente. Le strade di Dio sono sempre giuste: le Sue azioni sempre buone e GENEROSE. Perch\u00e9 il Signore \u00e8 vicino a chi lo invoca: a tutti quelli che si rivolgono a Lui, con GENEROSIT\u00c0 e sincerit\u00e0 !<\/p>\n<h3>SECONDA LETTURA (dalla lettera di Paolo ai cristiani di \u00c8feso 4,1-6)<\/h3>\n<p style=\"margin-left: 0pt; margin-right: 0pt; text-align: justify;\">Fratelli miei, dalla prigione in cui mi trovo a causa della mia fede, vi raccomando soprattutto questo: comportatevi in modo degno di un cristiano. Sopportatevi a vicenda con amore: trattando sempre gli altri con bont\u00e0 e GENEROSIT\u00c0, umilt\u00e0 e dolcezza. Non rompete mai l\u2019unit\u00e0 che vi lega: ma fate in modo che tra di voi, regni sempre la pace. Sentitevi come gli organi del corpo umano che, pur essendo diversi, formano un solo corpo: ed un solo spirito. Non dimenticate infatti che avete la stessa fede e lo stesso Signore, la stessa speranza e lo stesso Dio: che sta al di sopra di tutti, \u00e8 Padre di tutti, opera ed \u00e8 presente in tutti. E tutti sazia, con la sua infinita GENEROSIT\u00c0 !<\/p>\n<h3>VANGELO (Giovanni 6,1-15)<\/h3>\n<p style=\"margin-left: 0pt; margin-right: 0pt; text-align: justify;\">Mentre si avvicinava la festa di Pasqua, Ges\u00f9 stava attraversando il lago di Galil\u00e8a (detto anche di Tiber\u00ecade): e molti, avendo visto le guarigioni che compiva, lo seguivano dalla riva. Erano talmente tanti, che sbarcando fu costretto a salire con i suoi discepoli su una collina. Poi giunto sulla cima guard\u00f2 in basso e vide questa immensa folla che voleva ancora salire verso di lui: e si commosse.<\/p>\n<p style=\"margin-left: 0pt; margin-right: 0pt; text-align: justify;\">Desideroso di fare qualcosa per loro, allora disse all&#8217;apostolo Filippo: &#8220;Dove possiamo comprare del pane per saziarli?&#8221;. (Ges\u00f9 sapeva cosa sarebbe successo, ma voleva metterlo alla prova). Filippo senza capire, fece un calcolo umano e rispose amareggiato: &#8220;Saranno almeno in 5.000: quindi anche se comprassimo 10 mila euro di pane, non potremmo darne nemmeno un pezzettino per uno!&#8221;. Proprio in quel momento arriv\u00f2 Andrea, il fratello di Simon Pietro, portando un ragazzo per mano. Si avvicin\u00f2 e disse: \u201cQuesto ragazzino ha capito che siamo in difficolt\u00e0 e con GENEROSIT\u00c0 vuole metterci a disposizione il suo pasto. Ma sono solo 2 pesci e 5 panini: non possono certo bastare per 5.000 persone!\u201d.<\/p>\n<p style=\"margin-left: 0pt; margin-right: 0pt; text-align: justify;\">Ma Ges\u00f9 non permise che la GENEROSIT\u00c0 di quel bambino andasse perduta. Cos\u00ec fece sedere tutti nell&#8217;erba fresca, poi prese i 5 panini, rese grazie a Dio, li spezz\u00f2: e li diede alle 5.000 persone. E lo stesso fece con i pesci: dicendo a tutti di prenderne pure quanto ne volevano. Poi quando tutti e 5.000 furono saziati, disse ai suoi discepoli: \u201cBene, ora raccogliete il pane avanzato: perch\u00e9 nulla deve andare perduto!\u201d. E cos\u00ec con soli 5 panini, frutto della GENEROSIT\u00c0 di un piccolo bambino, non solo mangiarono 5.000 persone, ma si riempirono anche 12 canestri di pane avanzato!<\/p>\n<p style=\"text-align: justify;\">Di fronte ad un miracolo cos\u00ec grande, la gente cominci\u00f2 a dire: \u201cQuesto \u00e8 davvero il Messia. Andiamo ed incoroniamolo re: cos\u00ec non moriremo mai di fame!&#8221;. Ma Ges\u00f9 non era venuto per saziare gli stomaci: ma i cuori. E cos\u00ec per non essere frainteso, scapp\u00f2 sulla collina: a pregare da solo. Con quel miracolo non voleva certo ostentare la Sua potenza, ma solo far vedere che Dio MOLTIPLICA LA NOSTRA GENEROSIT\u00c0 !<\/p>\n<p style=\"text-align: justify;\"><span class=\"morebis\"><img loading=\"lazy\" decoding=\"async\" style=\"border: 0pt none; vertical-align: middle;\" title=\"Link\" src=\"http:\/\/www.cercoiltuovolto.it\/\/images\/web.png\" alt=\"Link\" width=\"24\" height=\"24\" \/> <\/span><strong>Sul sito<\/strong> <a href=\"http:\/\/www.bellanotizia.it\/\" target=\"_blank\">http:\/\/www.bellanotizia.it<\/a> puoi scaricare tante altre &#8220;bellenotizie&#8221;, anche in forma di registrazione-audio e presentazione-video, oltre a diversi miei articoli, scritti, corrispondenze-mail ed ipotesi innovative.<br \/>\n <img loading=\"lazy\" decoding=\"async\" style=\"border: 0pt none; vertical-align: middle;\" title=\"Note\" src=\"http:\/\/www.cercoiltuovolto.it\/\/images\/notes.png\" alt=\"Note\" width=\"24\" height=\"24\" \/> <strong>Note<\/strong>: L&#8217;autore precisa che, anche se la lettura di queste bellenotizie aiuta a comprendere la prima parte della Messa (Liturgia della Parola), non potr\u00e0 mai sostituire la seconda parte (Liturgia eucaristica), in cui ci viene data la possibilit\u00e0 di &#8220;abbracciare&#8221; veramente il Corpo di Cristo.<\/p>\n","protected":false},"excerpt":{"rendered":"<p>Questa \u00e8 una rielaborazione audio\/video sulle letture della Messa di: DOMENICA 26 luglio 2009 &#8211; XVII DOMENICA DEL TEMPO ORDINARIO (Anno B) a cura di Antonio Di Lieto. Il titolo della Messa, che unifica tutte le letture, secondo l&#8217;autore \u00e8: Dio moltiplica la nostra generosit\u00e0 ! [audio:http:\/\/www.bellanotizia.it\/Materiali\/2009%20ANNO%20B\/40_XVIITO\/MP3_-_26_Lug_09_-.mp3] Download file mp3 [youtube]http:\/\/www.youtube.com\/watch?v=msgW5rYHCqk[\/youtube] \u00a0 Commento alle Letture&#8230;<\/p>\n","protected":false},"author":3,"featured_media":0,"comment_status":"closed","ping_status":"closed","sticky":false,"template":"","format":"standard","meta":{"_kad_post_transparent":"","_kad_post_title":"","_kad_post_layout":"","_kad_post_sidebar_id":"","_kad_post_content_style":"","_kad_post_vertical_padding":"","_kad_post_feature":"","_kad_post_feature_position":"","_kad_post_header":false,"_kad_post_footer":false,"_kad_post_classname":"","footnotes":""},"categories":[99,4],"tags":[34,5,172],"class_list":["post-228617","post","type-post","status-publish","format-standard","hentry","category-99","category-audio-cattolici","tag-bella-notizia","tag-commento-al-vangelo","tag-vangelo-della-domenica"],"_links":{"self":[{"href":"https:\/\/archivio.cercoiltuovolto.it\/index.php?rest_route=\/wp\/v2\/posts\/228617","targetHints":{"allow":["GET"]}}],"collection":[{"href":"https:\/\/archivio.cercoiltuovolto.it\/index.php?rest_route=\/wp\/v2\/posts"}],"about":[{"href":"https:\/\/archivio.cercoiltuovolto.it\/index.php?rest_route=\/wp\/v2\/types\/post"}],"author":[{"embeddable":true,"href":"https:\/\/archivio.cercoiltuovolto.it\/index.php?rest_route=\/wp\/v2\/users\/3"}],"replies":[{"embeddable":true,"href":"https:\/\/archivio.cercoiltuovolto.it\/index.php?rest_route=%2Fwp%2Fv2%2Fcomments&post=228617"}],"version-history":[{"count":0,"href":"https:\/\/archivio.cercoiltuovolto.it\/index.php?rest_route=\/wp\/v2\/posts\/228617\/revisions"}],"wp:attachment":[{"href":"https:\/\/archivio.cercoiltuovolto.it\/index.php?rest_route=%2Fwp%2Fv2%2Fmedia&parent=228617"}],"wp:term":[{"taxonomy":"category","embeddable":true,"href":"https:\/\/archivio.cercoiltuovolto.it\/index.php?rest_route=%2Fwp%2Fv2%2Fcategories&post=228617"},{"taxonomy":"post_tag","embeddable":true,"href":"https:\/\/archivio.cercoiltuovolto.it\/index.php?rest_route=%2Fwp%2Fv2%2Ftags&post=228617"}],"curies":[{"name":"wp","href":"https:\/\/api.w.org\/{rel}","templated":true}]}}