{"id":228597,"date":"2009-07-17T06:30:21","date_gmt":"2009-07-17T06:30:21","guid":{"rendered":"https:\/\/archivio.cercoiltuovolto.it\/?p=228597"},"modified":"2009-07-17T06:30:21","modified_gmt":"2009-07-17T06:30:21","slug":"diaspora-storia-degli-ebrei-nel-novecento","status":"publish","type":"post","link":"https:\/\/archivio.cercoiltuovolto.it\/?p=228597","title":{"rendered":"Diaspora. Storia degli ebrei nel Novecento"},"content":{"rendered":"<p style=\"text-align: justify;\"><a rel=\"lightbox\" href=\"http:\/\/www.cercoiltuovolto.it\/\/wp-content\/uploads\/2009\/07\/diaspora.jpeg\"><img loading=\"lazy\" decoding=\"async\" class=\"alignleft size-medium wp-image-6098\" title=\"Copertina\" src=\"http:\/\/www.cercoiltuovolto.it\/\/wp-content\/uploads\/2009\/07\/diaspora-198x300.jpg\" alt=\"Copertina\" width=\"139\" height=\"210\" \/><\/a>Nel corso del Novecento il mondo ebraico muta radicalmente. C&#8217;\u00e8 la Shoah, certo, ma non solo. Ci sono anche Freud che reinterpreta la mente umana, Einstein che scopre nuove leggi dell&#8217;universo, Sch\u00f6nberg che scompone la musica, Trockij che firma la rivoluzione, e poi scrittori, artisti e poeti ebrei che segnano indelebilmente la cultura del Novecento. A partire dalla fine dell&#8217;Ottocento gli ebrei esprimono una forza simbolica del tutto inedita, vitalissima, che non \u00e8 alimentata solo dallo sterminio o dalla persecuzione ma dall&#8217;essere stati capaci di straordinaria creativit\u00e0 e insieme del pi\u00f9 radicale degli annullamenti. E, ancora, dall&#8217;essere stati un intreccio tra la volont\u00e0 di farsi uguali agli altri, integrarsi totalmente, e una durevole percezione di s\u00e9 come di un&#8217;identit\u00e0 sul confine. Accanto a questo potente processo di crescita, si rinnova per\u00f2 anche l&#8217;antisemitismo, prende radici salde nelle societ\u00e0 di massa, contagia con il razzismo biologico la politica, la cultura e la stessa religione. Con l&#8217;avvento di Hitler, la svolta \u00e8 radicale, e gli ebrei affrontano persecuzioni ed esilio.<\/p>\n<p style=\"text-align: center;\">[youtube]http:\/\/www.youtube.com\/watch?v=VQz_mbpIqPI[\/youtube]<\/p>\n<h3>Informazioni utili<\/h3>\n<ul>\n<li><strong>Titolo <\/strong>Diaspora. Storia degli ebrei nel Novecento<\/li>\n<li><strong>Autore <\/strong>Anna Foa<\/li>\n<li><strong>Prezzo <\/strong>\u20ac 19,00<\/li>\n<li><strong>Dati <\/strong>2009, 287 p.<\/li>\n<li><strong>Editore Laterza<\/strong><span class=\"tcorpotesto\"> <\/span><\/li>\n<\/ul>\n<p class=\"acquista-paragrafo\"><a href=\"http:\/\/www.ibs.it\/code\/9788842088325\/foa-anna\/diaspora-storia-degli.html?shop=3462\" target=\"_blank\">Acquista il libro<\/a> su IBS<\/p>\n","protected":false},"excerpt":{"rendered":"<p>Nel corso del Novecento il mondo ebraico muta radicalmente. C&#8217;\u00e8 la Shoah, certo, ma non solo. Ci sono anche Freud che reinterpreta la mente umana, Einstein che scopre nuove leggi dell&#8217;universo, Sch\u00f6nberg che scompone la musica, Trockij che firma la rivoluzione, e poi scrittori, artisti e poeti ebrei che segnano indelebilmente la cultura del Novecento&#8230;.<\/p>\n","protected":false},"author":3,"featured_media":0,"comment_status":"closed","ping_status":"closed","sticky":false,"template":"","format":"standard","meta":{"_kad_post_transparent":"","_kad_post_title":"","_kad_post_layout":"","_kad_post_sidebar_id":"","_kad_post_content_style":"","_kad_post_vertical_padding":"","_kad_post_feature":"","_kad_post_feature_position":"","_kad_post_header":false,"_kad_post_footer":false,"_kad_post_classname":"","footnotes":""},"categories":[99,3],"tags":[79],"class_list":["post-228597","post","type-post","status-publish","format-standard","hentry","category-99","category-libri","tag-persone"],"_links":{"self":[{"href":"https:\/\/archivio.cercoiltuovolto.it\/index.php?rest_route=\/wp\/v2\/posts\/228597","targetHints":{"allow":["GET"]}}],"collection":[{"href":"https:\/\/archivio.cercoiltuovolto.it\/index.php?rest_route=\/wp\/v2\/posts"}],"about":[{"href":"https:\/\/archivio.cercoiltuovolto.it\/index.php?rest_route=\/wp\/v2\/types\/post"}],"author":[{"embeddable":true,"href":"https:\/\/archivio.cercoiltuovolto.it\/index.php?rest_route=\/wp\/v2\/users\/3"}],"replies":[{"embeddable":true,"href":"https:\/\/archivio.cercoiltuovolto.it\/index.php?rest_route=%2Fwp%2Fv2%2Fcomments&post=228597"}],"version-history":[{"count":0,"href":"https:\/\/archivio.cercoiltuovolto.it\/index.php?rest_route=\/wp\/v2\/posts\/228597\/revisions"}],"wp:attachment":[{"href":"https:\/\/archivio.cercoiltuovolto.it\/index.php?rest_route=%2Fwp%2Fv2%2Fmedia&parent=228597"}],"wp:term":[{"taxonomy":"category","embeddable":true,"href":"https:\/\/archivio.cercoiltuovolto.it\/index.php?rest_route=%2Fwp%2Fv2%2Fcategories&post=228597"},{"taxonomy":"post_tag","embeddable":true,"href":"https:\/\/archivio.cercoiltuovolto.it\/index.php?rest_route=%2Fwp%2Fv2%2Ftags&post=228597"}],"curies":[{"name":"wp","href":"https:\/\/api.w.org\/{rel}","templated":true}]}}