{"id":228573,"date":"2009-07-10T06:48:19","date_gmt":"2009-07-10T06:48:19","guid":{"rendered":"https:\/\/archivio.cercoiltuovolto.it\/?p=228573"},"modified":"2009-07-10T06:48:19","modified_gmt":"2009-07-10T06:48:19","slug":"commento-al-vangelo-domenica-12-luglio-2009-bella-notizia","status":"publish","type":"post","link":"https:\/\/archivio.cercoiltuovolto.it\/?p=228573","title":{"rendered":"Commento al Vangelo &#8211; Domenica 12 luglio 2009 &#8211; Bella Notizia"},"content":{"rendered":"<p style=\"text-align: justify;\">Questa \u00e8 una rielaborazione <strong>audio\/video<\/strong> sulle letture della Messa di:<strong><em> DOMENICA 12 luglio 2009 &#8211; XV DOMENICA DEL TEMPO ORDINARIO <\/em><\/strong>(Anno B) a cura di <a href=\"http:\/\/www.bellanotizia.it\" target=\"_blank\">Antonio Di Lieto<\/a>.   Il titolo della Messa, che unifica tutte le letture, secondo l&#8217;autore \u00e8: <strong>Mandati in missione !<\/strong><\/p>\n<p style=\"text-align: justify;\">[audio:http:\/\/www.bellanotizia.it\/Materiali\/2009%20ANNO%20B\/38_XVTO\/MP3_-_12_Lug_09_-.mp3]<\/p>\n<p class=\"download\" style=\"text-align: justify;\"><a href=\"http:\/\/www.bellanotizia.it\/Materiali\/2009%20ANNO%20B\/38_XVTO\/MP3_-_12_Lug_09_-.mp3\">Download file mp3<\/a><\/p>\n<p style=\"text-align: center;\">[youtube]http:\/\/www.youtube.com\/watch?v=LoXO2S-MsR4&amp;feature=player_embedded[\/youtube]<\/p>\n<p style=\"text-align: justify;\">\u00a0<\/p>\n<h3 style=\"text-align: left;\">Commento alle Letture<\/h3>\n<p><br class=\"spacer_\" \/><\/p>\n<h3 style=\"text-align: justify;\">PRIMA LETTURA (dal libro del profeta \u00c0mos 7,12-15)<\/h3>\n<p style=\"text-align: justify;\">In quei giorni, il profeta \u00c0mos fu MANDATO IN MISSIONE nella citt\u00e0 di B\u00e8tel: e l\u00ec denunciava le ingiustizie con grande coraggio. Allora Amas\u00eca, il sacerdote della citt\u00e0, gli disse: &#8220;V\u00e0ttene: tornatene nella tua terra! Se vuoi fare il profeta vai a farlo a casa tua: perch\u00e9 qui a B\u00e8tel abbiamo gi\u00e0 il nostro santuario. Questo \u00e8 un tempio, dove giungono persone da tutto il regno!\u201d. Ma Amos rispose: &#8220;Io non sono mica profeta di mestiere o figlio di profeta: fosse stato per me, io sarei rimasto sempre nella mia terra a fare il pastore e coltivare piante di sicom\u00f2ro! Ma un giorno mentre pascolavo le pecore, il Signore mi ha preso e chiamandomi mi ha detto: \u00abV\u00e0: e profetizza a nome mio!\u00bb. Quindi io sono qui non per scelta mia: ma perch\u00e9 qui il Signore mi ha MANDATO IN MISSIONE!\u201d.<\/p>\n<h3 style=\"text-align: justify;\">SALMO RESPONSORIALE (Salmo 84,9-10;11-14)<\/h3>\n<p style=\"text-align: justify;\">Mio Dio, facci sentire la tua misericordia: ed il Tuo amore. Ascolter\u00f2 quello che dice il Signore: egli annuncia pace per il suo popolo e per tutti coloro che hanno fiducia in Lui. S\u00ec, ascoltatelo e riceverete la salvezza dal cielo: avvertirete la Sua presenza sulla terra. In Lui si coniugano amore e verit\u00e0: si baciano giustizia e pace. S\u00ec, perch\u00e9 Dio far\u00e0 germogliare la verit\u00e0 dalla terra: e piovere la giustizia dal cielo! Statene certi, il Signore vuole solo il nostro bene: e far\u00e0 in modo che sulla terra germoglino i frutti della Sua MISSIONE. Dove c\u2019\u00e8 Lui infatti, c&#8217;\u00e8 giustizia: perch\u00e8 il Signore guida i passi, di tutti coloro che camminano sulla Sua strada !<\/p>\n<h3 style=\"text-align: justify;\">SECONDA LETTURA (lettera di Paolo ai cristiani di \u00c8feso 1,3-10 &#8211; forma breve)<\/h3>\n<p style=\"text-align: justify;\">Benedetto sia Dio, Padre del nostro Signore Ges\u00f9 Cristo, che per mezzo di Lui ci ha riempito di ogni benedizione. Ancora prima di creare il mondo infatti, Lui ci ha scelti per vivere con amore: santi ed immacolati alla presenza di Dio. Per questo ha MANDATO IN MISSIONE sulla terra il Suo amato Figlio: per far diventare anche noi Suoi figli adottivi. Per illuminarci con lo splendore della Sua grazia: e svelarci il Suo magnifico progetto d\u2019amore. Cristo infatti ci ha amati cos\u00ec tanto, da versare addirittura il Suo sangue per noi: e pagando Lui per i peccati nostri, ci ha messi in condizione di ricevere il perdono da tutte le nostre colpe. Per mezzo di Lui allora la ricchezza della grazia di Dio ci \u00e8 piovuta addosso in abbondanza: e con essa ogni sapienza ed intelligenza. Ci \u00e8 stata fatta conoscere l&#8217;infinita benevolenza del Signore: la Sua volont\u00e0 di riunire un giorno &#8211; sotto il dominio di Cristo &#8211; tutte le cose che sono nei cieli e sulla terra !<\/p>\n<h3 style=\"text-align: justify;\">VANGELO (Marco 6,7-13)<\/h3>\n<p style=\"text-align: justify;\">In quel tempo Ges\u00f9 chiam\u00f2 a s\u00e9 i dodici apostoli, diede loro il potere di cacciare i demoni, li divise a gruppi di due: e li MANDO\u2019 IN MISSIONE. Ordin\u00f2 loro di non portare n\u00e8 cibo, n\u00e9 acqua, n\u00e8 un vestito di riserva: e nemmeno denaro. Ma di partire solo con un bastone, la veste che avevano indosso e le scarpe che avevano ai piedi.<\/p>\n<p style=\"text-align: justify;\">Poi aggiunse: &#8220;Quando arrivate in un villaggio, se qualcuno si offre di ospitarvi rimanete nella sua casa finch\u00e8 non sarete ripartiti. Se in quel paese invece non vi accolgono n\u00e8 vi ascoltano, non disperate: ma andate altrove. Scuotete per\u00f2 dai piedi la polvere di quella citt\u00e0: come segno che hanno voluto essere abbandonati al loro destino!\u201d.<\/p>\n<p style=\"text-align: justify;\">Cos\u00ec i dodici apostoli partirono, invitando tutti quelli che incontravano a convertirsi: a credere alla bellanotizia di Cristo. Scacciarono anche molti demoni e guarirono molti infermi, ungendoli con olio. Non erano infatti loro ad operare, ma Colui che li aveva MANDATI IN MISSIONE !<\/p>\n<p><br class=\"spacer_\" \/><\/p>\n<p style=\"text-align: justify;\">\u00a0<\/p>\n<p style=\"text-align: justify;\">\u00a0<\/p>\n<p style=\"text-align: justify;\"><span class=\"morebis\"><img loading=\"lazy\" decoding=\"async\" style=\"border: 0pt none; vertical-align: middle;\" title=\"Link\" src=\"http:\/\/www.cercoiltuovolto.it\/\/images\/web.png\" alt=\"Link\" width=\"24\" height=\"24\" \/> <\/span><strong>Sul sito<\/strong> <a href=\"http:\/\/www.bellanotizia.it\/\" target=\"_blank\">http:\/\/www.bellanotizia.it<\/a> puoi scaricare tante altre &#8220;bellenotizie&#8221;, anche in forma di registrazione-audio e presentazione-video, oltre a diversi miei articoli, scritti, corrispondenze-mail ed ipotesi innovative.<br \/>\n <img loading=\"lazy\" decoding=\"async\" style=\"border: 0pt none; vertical-align: middle;\" title=\"Note\" src=\"http:\/\/www.cercoiltuovolto.it\/\/images\/notes.png\" alt=\"Note\" width=\"24\" height=\"24\" \/> <strong>Note<\/strong>: L&#8217;autore precisa che, anche se la lettura di queste bellenotizie aiuta a comprendere la prima parte della Messa (Liturgia della Parola), non potr\u00e0 mai sostituire la seconda parte (Liturgia eucaristica), in cui ci viene data la possibilit\u00e0 di &#8220;abbracciare&#8221; veramente il Corpo di Cristo.<\/p>\n","protected":false},"excerpt":{"rendered":"<p>Questa \u00e8 una rielaborazione audio\/video sulle letture della Messa di: DOMENICA 12 luglio 2009 &#8211; XV DOMENICA DEL TEMPO ORDINARIO (Anno B) a cura di Antonio Di Lieto. Il titolo della Messa, che unifica tutte le letture, secondo l&#8217;autore \u00e8: Mandati in missione ! [audio:http:\/\/www.bellanotizia.it\/Materiali\/2009%20ANNO%20B\/38_XVTO\/MP3_-_12_Lug_09_-.mp3] Download file mp3 [youtube]http:\/\/www.youtube.com\/watch?v=LoXO2S-MsR4&amp;feature=player_embedded[\/youtube] \u00a0 Commento alle Letture PRIMA LETTURA&#8230;<\/p>\n","protected":false},"author":3,"featured_media":0,"comment_status":"closed","ping_status":"closed","sticky":false,"template":"","format":"standard","meta":{"_kad_post_transparent":"","_kad_post_title":"","_kad_post_layout":"","_kad_post_sidebar_id":"","_kad_post_content_style":"","_kad_post_vertical_padding":"","_kad_post_feature":"","_kad_post_feature_position":"","_kad_post_header":false,"_kad_post_footer":false,"_kad_post_classname":"","footnotes":""},"categories":[99,4],"tags":[34,5,172],"class_list":["post-228573","post","type-post","status-publish","format-standard","hentry","category-99","category-audio-cattolici","tag-bella-notizia","tag-commento-al-vangelo","tag-vangelo-della-domenica"],"_links":{"self":[{"href":"https:\/\/archivio.cercoiltuovolto.it\/index.php?rest_route=\/wp\/v2\/posts\/228573","targetHints":{"allow":["GET"]}}],"collection":[{"href":"https:\/\/archivio.cercoiltuovolto.it\/index.php?rest_route=\/wp\/v2\/posts"}],"about":[{"href":"https:\/\/archivio.cercoiltuovolto.it\/index.php?rest_route=\/wp\/v2\/types\/post"}],"author":[{"embeddable":true,"href":"https:\/\/archivio.cercoiltuovolto.it\/index.php?rest_route=\/wp\/v2\/users\/3"}],"replies":[{"embeddable":true,"href":"https:\/\/archivio.cercoiltuovolto.it\/index.php?rest_route=%2Fwp%2Fv2%2Fcomments&post=228573"}],"version-history":[{"count":0,"href":"https:\/\/archivio.cercoiltuovolto.it\/index.php?rest_route=\/wp\/v2\/posts\/228573\/revisions"}],"wp:attachment":[{"href":"https:\/\/archivio.cercoiltuovolto.it\/index.php?rest_route=%2Fwp%2Fv2%2Fmedia&parent=228573"}],"wp:term":[{"taxonomy":"category","embeddable":true,"href":"https:\/\/archivio.cercoiltuovolto.it\/index.php?rest_route=%2Fwp%2Fv2%2Fcategories&post=228573"},{"taxonomy":"post_tag","embeddable":true,"href":"https:\/\/archivio.cercoiltuovolto.it\/index.php?rest_route=%2Fwp%2Fv2%2Ftags&post=228573"}],"curies":[{"name":"wp","href":"https:\/\/api.w.org\/{rel}","templated":true}]}}