{"id":228566,"date":"2009-07-07T15:04:32","date_gmt":"2009-07-07T15:04:32","guid":{"rendered":"https:\/\/archivio.cercoiltuovolto.it\/?p=228566"},"modified":"2009-07-07T15:04:32","modified_gmt":"2009-07-07T15:04:32","slug":"presentazione-della-caritas-in-veritate","status":"publish","type":"post","link":"https:\/\/archivio.cercoiltuovolto.it\/?p=228566","title":{"rendered":"Presentazione della &#8220;Caritas in Veritate&#8221;"},"content":{"rendered":"<blockquote>\n<p style=\"margin: 0cm 0cm 0pt; text-align: justify;\">CITTA&#8217; DEL        VATICANO, 7 LUG. 2009 (VIS).        Questa mattina, nella Sala Stampa della Santa Sede, si \u00e8 tenuta la        presentazione della Enciclica di Papa Benedetto XVI, &#8220;Caritas in        veritate&#8221;. Alla Conferenza Stampa sono intervenuti il Cardinale Renato        Raffaele Martino, Presidente del Pontificio Consiglio della Giustizia e        della Pace; il Cardinale Paul Josef Cordes, Presidente del Pontificio        Consilio &#8220;Cor Unum&#8221;; l&#8217;Arcivescovo Giampaolo Crepaldi, Vescovo eletto di        Trieste (Italia) e finora Segretario del Pontificio Consiglio della        Giustizia e della Pace ed il Professor Stefano Zamagni, Professore di        Economia Politica presso l&#8217;Universit\u00e0 di Bologna (Italia) e Consultore del        Pontificio Consiglio della Giustizia e della Pace.<\/p>\n<p style=\"margin: 0cm 0cm 0pt; text-align: justify;\">\u00a0<\/p>\n<p style=\"margin: 0cm 0cm 0pt; text-align: justify;\">Il Cardinale Martino ha evidenziato la necessit\u00e0 di una nuova        Enciclica sociale a venti anni dalla &#8220;Centesimus annus&#8221; di Giovanni Paolo II ed        ha passato in rassegna i mutamenti che ci sono verificati negli ultimi        decenni.<\/p>\n<h3>Da Radio Vaticana<\/h3>\n<\/blockquote>\n<p style=\"text-align: justify;\">L\u2019Enciclica \u00e8 stata dunque presentata stamani in una Sala Stampa vaticana affollata da giornalisti di tutto il mondo, segno tangibile della grande attesa dei mass media per la pubblicazione della <a title=\"Documento ufficiale\" href=\"http:\/\/www.vatican.va\/holy_father\/benedict_xvi\/encyclicals\/documents\/hf_ben-xvi_enc_20090629_caritas-in-veritate_it.html\" target=\"_blank\">Caritas in Veritate<\/a>. La conferenza stampa, moderata da padre Federico Lombardi, ha visto gli interventi dei cardinali Renato Raffaele Martino e Paul Josef Cordes, presidenti rispettivamente del Pontificio Consiglio \u201cGiustizia e Pace\u201d e \u201cCor Unum\u201d, di mons. Giampaolo Crepaldi, segretario di \u201cGiustizia e Pace\u201d e dell\u2019economista dell\u2019Universit\u00e0 di Bologna, Stefano Zamagni.<br \/>\n L\u2019evento \u00e8 stato seguito per noi da Alessandro Gisotti (<strong>Radio Vaticana<\/strong>).<\/p>\n<p style=\"text-align: justify;\">[audio:http:\/\/media01.vatiradio.va\/podcast\/00169299.MP3]<\/p>\n<p class=\"download\" style=\"text-align: justify;\">Download file mp3<\/p>\n<p style=\"text-align: justify;\"><img loading=\"lazy\" decoding=\"async\" class=\"alignleft size-full wp-image-6011\" title=\"Copertina\" src=\"http:\/\/www.cercoiltuovolto.it\/\/wp-content\/uploads\/2009\/07\/caritas-in-veritate.jpg\" alt=\"Copertina\" width=\"150\" height=\"200\" \/>E\u2019 tempo di una nuova progettualit\u00e0 per governare il fenomeno della globalizzazione che valorizzi la persona umana: questo il messaggio emerso con forza dalla presentazione della Caritas in veritate. Il cardinale Renato Raffaele Martino ha sottolineato che per Benedetto XVI la crisi in atto chiede un ripensamento del modello economico cosiddetto \u201coccidentale\u201d. Una lettura in chiave fiduciosa: \u201cDall\u2019Enciclica emerge una visione in positivo di incoraggiamento all\u2019umanit\u00e0 perch\u00e9 possa trovare le risorse di verit\u00e0 e di volont\u00e0 per superare le difficolt\u00e0\u201d. Il presidente di \u201cGiustizia e Pace\u201d ha ribadito che Caritas in veritate si inserisce nella tradizione delle Encicliche sociali e riflette sui grandi cambiamenti avvenuti negli ultimi anni. Innanzitutto, si confronta con l\u2019ideologia della tecnica e l\u2019accentuazione dei fenomeni della globalizzazione. Quindi, con il ritorno alla ribalta sulla scena mondiale delle religioni e infine con il problema della governance internazionale. L\u2019Enciclica, ha detto, riprende e attualizza la visione dello sviluppo umano integrale della Populorum Progressio attraverso tre prospettive: l\u2019esigenza di un\u2019armonia dei saperi, la necessit\u00e0 di un umanesimo aperto verso l\u2019Assoluto e infine la fraternit\u00e0 per sconfiggere le cause di sottosviluppo. Caritas in veritate, ha commentato poi il cardinale Paul Josef Cordes \u201c\u00e8 una luce per la societ\u00e0\u201d e per i cristiani che ribadisce la centralit\u00e0 dell\u2019uomo. Ed ha precisato che \u201cla Chiesa ispira ma non fa politica\u201d: \u201cRiprendendo la Populorum Progressio, l\u2019Enciclica di oggi afferma chiaramente: &#8216;La Chiesa non ha soluzioni tecniche da offrire e non pretende minimamente d\u2019intromettersi nella politica degli Stati&#8217;. Questo implica a sua volta che la dottrina sociale della Chiesa non \u00e8 una &#8216;terza via&#8217;, cio\u00e8 un programma politico da realizzare per giungere ad una societ\u00e0 perfetta\u201d. La dottrina sociale della Chiesa, ha riaffermato, \u201c\u00e8 un elemento dell\u2019evangelizzazione\u201d e, d\u2019altronde, \u201cnon si pu\u00f2 restringere l\u2019uomo al suo vivere sociale\u201d. Nell\u2019Enciclica, ha aggiunto, si evidenzia che non pu\u00f2 esserci vero sviluppo senza Dio e che \u201cnon si pu\u00f2 affrontare la questione sociale senza riferirsi alla questione etica\u201d.<\/p>\n<p style=\"text-align: justify;\">[flv]http:\/\/newsitalia.vo.llnwd.net\/o33\/1984_146080_ctv_907it.flv[\/flv]<\/p>\n<p style=\"text-align: justify;\">Dal canto suo, mons. Giampaolo Crepaldi ha messo l\u2019accento sulla dimensione della gratuit\u00e0 e del dono ed ha affermato che l\u2019annuncio di Cristo \u00e8 \u201cil pi\u00f9 grande aiuto che la Chiesa pu\u00f2 dare allo sviluppo\u201d. Per questo, ha proseguito, il cristianesimo \u201cha un proprio diritto di cittadinanza nell\u2019ambito pubblico\u201d. Quindi, ha spiegato che nella Caritas in veritate la \u201cquestione antropologica\u201d diventa \u201cquestione sociale\u201d: \u201cLa procreazione e la sessualit\u00e0, l\u2019aborto e l\u2019eutanasia, le manipolazioni dell\u2019identit\u00e0 umana e la selezione eugenetica sono valutati come problemi sociali di primaria importanza che, se gestiti secondo una logica di pura produzione, deturpano la sensibilit\u00e0 sociale, minano il senso della legge, corrodono la famiglia e rendono difficile l\u2019accoglienza del debole\u201d. Rispondendo alle domande dei giornalisti, il cardinale Martino ha parlato della riforma dell\u2019Onu invocata dal Papa nell\u2019Enciclica: \u201cL\u2019Enciclica non chiede un supergoverno, un governo mondiale, ecc&#8230; Le attuali organizzazioni dovrebbero avere questa autorit\u00e0 politica mondiale. Ecco perch\u00e9 il Papa sollecita la riforma delle Nazioni Unite\u201d. Dal canto suo, il prof. Stefano Zamagni, parlando di societ\u00e0 e mercato si \u00e8 soffermato, in particolare, sul principio di fraternit\u00e0 quale fattore di un autentico sviluppo umano. La Caritas in veritate porta il copyright della Libreria Editrice Vaticana che ha curato le edizioni in lingua latina, inglese, francese, spagnola, tedesca, portoghese e polacca, per un totale di 50 mila esemplari. Il documento viene pubblicato in tutti i Paesi del mondo attraverso le Conferenze episcopali e gli editori nazionali. E\u2019 possibile acquistare ogni copia al prezzo di tre euro. Per quanto concerne l\u2019edizione in lingua italiana la Lev, servendosi della Tipografia Vaticana, ha preparato 500 mila copie in edizione economica (euro 2,00) e 30 mila copie in edizione cartonata (euro 8,50). La Libreria Editrice Vaticana ha poi autorizzato le riviste \u201cFamiglia Cristiana\u201d e \u201cTracce\u201d a pubblicare una propria edizione. La stessa autorizzazione \u00e8 stata data all\u2019editore Cantagalli per un volume commentato da mons. Giampaolo Crepaldi, segretario del Pontificio Consiglio della Giustizia e della Pace. E\u2019 in preparazione anche una co-edizione Libreria Editrice Vaticana-AVE con commento di vari esperti. Il quotidiano \u201cAvvenire\u201d ed i settimanali diocesani sono stati autorizzati a pubblicare il testo dell\u2019Enciclica nelle loro pagine ordinarie.<\/p>\n<p style=\"text-align: center;\">\n<p style=\"text-align: justify;\"><span style=\"font-size: xx-small;\">Fonte dei video: <a href=\"http:\/\/www.h2onews.org\/index.php?option=com_content&amp;view=article&amp;id=19306\" target=\"_blank\">H2Onews<\/a> e <a href=\"http:\/\/www.h2onews.org\/index.php?option=com_content&amp;view=article&amp;id=19306\" target=\"_blank\"><\/a><a href=\"http:\/\/it.gloria.tv\/?media=29059\" target=\"_blank\">Gloria.tv<\/a><br \/>\n <\/span><\/p>\n<p class=\"acquista-paragrafo\" style=\"text-align: justify;\">Acquista l&#8217;Enciclica su Libreria del Santo<\/p>\n","protected":false},"excerpt":{"rendered":"<p>CITTA&#8217; DEL VATICANO, 7 LUG. 2009 (VIS). Questa mattina, nella Sala Stampa della Santa Sede, si \u00e8 tenuta la presentazione della Enciclica di Papa Benedetto XVI, &#8220;Caritas in veritate&#8221;. Alla Conferenza Stampa sono intervenuti il Cardinale Renato Raffaele Martino, Presidente del Pontificio Consiglio della Giustizia e della Pace; il Cardinale Paul Josef Cordes, Presidente del&#8230;<\/p>\n","protected":false},"author":3,"featured_media":0,"comment_status":"closed","ping_status":"closed","sticky":false,"template":"","format":"standard","meta":{"_kad_post_transparent":"","_kad_post_title":"","_kad_post_layout":"","_kad_post_sidebar_id":"","_kad_post_content_style":"","_kad_post_vertical_padding":"","_kad_post_feature":"","_kad_post_feature_position":"","_kad_post_header":false,"_kad_post_footer":false,"_kad_post_classname":"","footnotes":""},"categories":[99,127],"tags":[238,17,113],"class_list":["post-228566","post","type-post","status-publish","format-standard","hentry","category-99","category-benedetto-xvi","tag-enciclica","tag-libri","tag-video"],"_links":{"self":[{"href":"https:\/\/archivio.cercoiltuovolto.it\/index.php?rest_route=\/wp\/v2\/posts\/228566","targetHints":{"allow":["GET"]}}],"collection":[{"href":"https:\/\/archivio.cercoiltuovolto.it\/index.php?rest_route=\/wp\/v2\/posts"}],"about":[{"href":"https:\/\/archivio.cercoiltuovolto.it\/index.php?rest_route=\/wp\/v2\/types\/post"}],"author":[{"embeddable":true,"href":"https:\/\/archivio.cercoiltuovolto.it\/index.php?rest_route=\/wp\/v2\/users\/3"}],"replies":[{"embeddable":true,"href":"https:\/\/archivio.cercoiltuovolto.it\/index.php?rest_route=%2Fwp%2Fv2%2Fcomments&post=228566"}],"version-history":[{"count":0,"href":"https:\/\/archivio.cercoiltuovolto.it\/index.php?rest_route=\/wp\/v2\/posts\/228566\/revisions"}],"wp:attachment":[{"href":"https:\/\/archivio.cercoiltuovolto.it\/index.php?rest_route=%2Fwp%2Fv2%2Fmedia&parent=228566"}],"wp:term":[{"taxonomy":"category","embeddable":true,"href":"https:\/\/archivio.cercoiltuovolto.it\/index.php?rest_route=%2Fwp%2Fv2%2Fcategories&post=228566"},{"taxonomy":"post_tag","embeddable":true,"href":"https:\/\/archivio.cercoiltuovolto.it\/index.php?rest_route=%2Fwp%2Fv2%2Ftags&post=228566"}],"curies":[{"name":"wp","href":"https:\/\/api.w.org\/{rel}","templated":true}]}}