{"id":228557,"date":"2009-07-06T10:50:32","date_gmt":"2009-07-06T10:50:32","guid":{"rendered":"https:\/\/archivio.cercoiltuovolto.it\/?p=228557"},"modified":"2009-07-06T10:50:32","modified_gmt":"2009-07-06T10:50:32","slug":"parole-dal-deserto","status":"publish","type":"post","link":"https:\/\/archivio.cercoiltuovolto.it\/?p=228557","title":{"rendered":"&#8220;Parole dal deserto&#8221;"},"content":{"rendered":"<blockquote>\n<p style=\"text-align: justify;\"><a rel=\"lightbox\" href=\"http:\/\/www.cercoiltuovolto.it\/\/wp-content\/uploads\/2009\/07\/parole-dal-deserto.jpg\"><img loading=\"lazy\" decoding=\"async\" class=\"alignleft size-medium wp-image-5977\" title=\"parole-dal-deserto\" src=\"http:\/\/www.cercoiltuovolto.it\/\/wp-content\/uploads\/2009\/07\/parole-dal-deserto-300x248.jpg\" alt=\"parole-dal-deserto\" width=\"300\" height=\"248\" \/><\/a>Entrare in un deserto, qualunque esso sia, ti pone davanti a te stesso. E ti ricorda quanto ogni vita umana sia una vocazione. Una chiamata di Dio.<\/p>\n<p style=\"text-align: justify;\">Da quando sei nato, si introduce in te come voce misteriosa e interiore, limpida come una sorgente. Una voce che ti incanta, dicendo proprio il tuo nome e ti ripete: \u00ab Vivi e fa\u2019 vivere! \u00bb S\u00ec, perch\u00e9 \u00e8 il Dio della vita, che ti chiama. \u00c8 il Dio della creativit\u00e0, della bellezza, della grandezza d\u2019animo, della parola sincera che parla a te. Altre voci, per quanto seducenti, non sono la sua.<\/p>\n<p style=\"text-align: justify;\">Ti chiama a essere te stesso, interamente te stesso: il meglio di te. Come sementi di un mondo nuovo ha seminato in te l\u2019intuizione, il desiderio di amare, il coraggio, la compassione, la forza d\u2019animo\u2026Ogni dono che possiedi dovr\u00e0 servire a costruire, non a distruggere. Costruire, cos\u00ec, una famiglia, una persona che ami o la comunit\u00e0 dove vivi.<\/p>\n<p style=\"text-align: justify;\">S\u00ec, perch\u00e9  \u00e8 il Dio della comunione, che ti chiama, il Dio della condivisione. Ti chiama a essere grande, a saperti fare in cento per far vivere l\u2019altro o far vivere un progetto, oppure un ideale che condividi con altri.<\/p>\n<p style=\"text-align: justify;\">\u00c8 il Dio della felicit\u00e0 che ti chiama a vivere. Ti chiede di essere felice di quello che hai e di quello che sei, ma, soprattutto, di fare felici le persone con cui vivi. Ti chiama a fiorire proprio l\u00e0, dove sei piantato, in una vita di famiglia, di comunit\u00e0 o di coppia.<\/p>\n<p style=\"text-align: justify;\">Ti chiama a fiorire, ma anche a lottare, l\u2019uno non va mai senza l\u2019altro. Lottare, cos\u00ec, contro le ingiustizie quotidiane, le esclusioni, le dimenticanze dell\u2019altro e della sua dignit\u00e0. Lottare contro il fare o il pensare ognuno per il proprio interesse. Sono questi, infatti, gli ostacoli sul tuo cammino. Essi impediscono che il luogo dove tu vivi sia umano, sano e fraterno.<br \/>\n Ma tutto questo in nome del tuo Dio. Colui dalle cui mani sei, un giorno, uscito e alle quali, un altro giorno, ritornerai. Chiamato ancora teneramente con il tuo bel nome che, tantissimi, hanno pronunciato con indifferenza, qualcuno con amore.<\/p>\n<p style=\"text-align: justify;\">In fondo, fra tante oasi incontrate, la tua vita rester\u00e0 pur sempre un deserto, attraversato con coraggio e fiducia, a volte immensi. Se avrai accolto quella voce.<\/p>\n<\/blockquote>\n<p style=\"text-align: justify;\"><em>Da \u201cParole dal deserto, Incontri di conversione\u201d di Renato Zilio<\/em><\/p>\n<h3>Informazioni utili<\/h3>\n<ul>\n<li><strong>Titolo <\/strong>Parole dal deserto<\/li>\n<li><strong>Autore <\/strong>Renato Zilio<\/li>\n<li><strong>Prezzo <\/strong>\u20ac 15,00<\/li>\n<li><strong>Dati <\/strong>2009, 176 p.<\/li>\n<li><strong>Editore Paoline<\/strong><\/li>\n<\/ul>\n<p class=\"download\">[download id=&#8221;75&#8243;]<\/p>\n<p class=\"acquista-paragrafo\"><a href=\"http:\/\/www.libreriadelsanto.it\/libri\/9788831535861\/parole-dal-deserto.html?p=sot\" target=\"_blank\">Acquista il libro<\/a> su Libreria del Santo<\/p>\n<h2 style=\"text-align: left;\">Ascolta l&#8217;Incipit<\/h2>\n","protected":false},"excerpt":{"rendered":"<p>Entrare in un deserto, qualunque esso sia, ti pone davanti a te stesso. E ti ricorda quanto ogni vita umana sia una vocazione. Una chiamata di Dio. Da quando sei nato, si introduce in te come voce misteriosa e interiore, limpida come una sorgente. Una voce che ti incanta, dicendo proprio il tuo nome e&#8230;<\/p>\n","protected":false},"author":3,"featured_media":0,"comment_status":"closed","ping_status":"closed","sticky":false,"template":"","format":"standard","meta":{"_kad_post_transparent":"","_kad_post_title":"","_kad_post_layout":"","_kad_post_sidebar_id":"","_kad_post_content_style":"","_kad_post_vertical_padding":"","_kad_post_feature":"","_kad_post_feature_position":"","_kad_post_header":false,"_kad_post_footer":false,"_kad_post_classname":"","footnotes":""},"categories":[99,237],"tags":[17],"class_list":["post-228557","post","type-post","status-publish","format-standard","hentry","category-99","category-deserto","tag-libri"],"_links":{"self":[{"href":"https:\/\/archivio.cercoiltuovolto.it\/index.php?rest_route=\/wp\/v2\/posts\/228557","targetHints":{"allow":["GET"]}}],"collection":[{"href":"https:\/\/archivio.cercoiltuovolto.it\/index.php?rest_route=\/wp\/v2\/posts"}],"about":[{"href":"https:\/\/archivio.cercoiltuovolto.it\/index.php?rest_route=\/wp\/v2\/types\/post"}],"author":[{"embeddable":true,"href":"https:\/\/archivio.cercoiltuovolto.it\/index.php?rest_route=\/wp\/v2\/users\/3"}],"replies":[{"embeddable":true,"href":"https:\/\/archivio.cercoiltuovolto.it\/index.php?rest_route=%2Fwp%2Fv2%2Fcomments&post=228557"}],"version-history":[{"count":0,"href":"https:\/\/archivio.cercoiltuovolto.it\/index.php?rest_route=\/wp\/v2\/posts\/228557\/revisions"}],"wp:attachment":[{"href":"https:\/\/archivio.cercoiltuovolto.it\/index.php?rest_route=%2Fwp%2Fv2%2Fmedia&parent=228557"}],"wp:term":[{"taxonomy":"category","embeddable":true,"href":"https:\/\/archivio.cercoiltuovolto.it\/index.php?rest_route=%2Fwp%2Fv2%2Fcategories&post=228557"},{"taxonomy":"post_tag","embeddable":true,"href":"https:\/\/archivio.cercoiltuovolto.it\/index.php?rest_route=%2Fwp%2Fv2%2Ftags&post=228557"}],"curies":[{"name":"wp","href":"https:\/\/api.w.org\/{rel}","templated":true}]}}