{"id":228535,"date":"2009-06-29T15:43:42","date_gmt":"2009-06-29T15:43:42","guid":{"rendered":"https:\/\/archivio.cercoiltuovolto.it\/?p=228535"},"modified":"2009-06-29T15:43:42","modified_gmt":"2009-06-29T15:43:42","slug":"udienza-generale-del-24-giugno-2009-in-mp3","status":"publish","type":"post","link":"https:\/\/archivio.cercoiltuovolto.it\/?p=228535","title":{"rendered":"&#8220;Udienza Generale&#8221; del 24 giugno 2009 in mp3"},"content":{"rendered":"<blockquote>\n<p><strong><\/strong><strong><a rel=\"lightbox\" href=\"http:\/\/www.cercoiltuovolto.it\/\/wp-content\/uploads\/2009\/06\/or941925.jpg\"><img loading=\"lazy\" decoding=\"async\" class=\"alignleft size-medium wp-image-5900\" title=\"SS Benedetto XVI- Piazza San Pietro - Udienza Generale - 24-06-2009\" src=\"http:\/\/www.cercoiltuovolto.it\/\/wp-content\/uploads\/2009\/06\/or941925-300x200.jpg\" alt=\"SS Benedetto XVI- Piazza San Pietro - Udienza Generale - 24-06-2009\" width=\"300\" height=\"200\" \/><\/a>Dove<\/strong>: Piazza San Pietro (Roma)<\/p>\n<p align=\"left\"><em><strong> <a href=\"http:\/\/www.vatican.va\/special\/anno_sac\/index_it.html\">Anno Sacerdotale<\/a><\/strong><\/em><\/p>\n<p><em>Cari fratelli e sorelle,<\/em><\/p>\n<p style=\"text-align: justify;\">venerd\u00ec scorso 19 giugno, Solennit\u00e0 del Sacratissimo Cuore di Ges\u00f9 e Giornata  tradizionalmente dedicata alla preghiera per la santificazione dei sacerdoti, ho  avuto la gioia d\u2019inaugurare l\u2019<a href=\"http:\/\/www.vatican.va\/special\/anno_sac\/index_it.html\">Anno Sacerdotale<\/a>, indetto in occasione del  centocinquantesimo anniversario della \u201cnascita al Cielo\u201d del Curato d\u2019Ars, san  Giovanni Battista Maria Vianney. Ed entrando nella Basilica Vaticana per la  <a href=\"http:\/\/www.vatican.va\/holy_father\/benedict_xvi\/homilies\/2009\/documents\/hf_ben-xvi_hom_20090619_anno-sac_it.html\">celebrazione dei Vespri<\/a>, quasi come primo gesto simbolico, mi sono fermato nella  Cappella del Coro per venerare la reliquia di questo santo Pastore d\u2019anime: il  suo cuore. Perch\u00e9 un <a href=\"http:\/\/www.vatican.va\/special\/anno_sac\/index_it.html\">Anno Sacerdotale<\/a>? Perch\u00e9 proprio nel ricordo del santo  Curato d\u2019Ars, che apparentemente non ha compiuto nulla di straordinario?<\/p>\n<\/blockquote>\n<p style=\"text-align: justify;\">[<a href=\"http:\/\/www.vatican.va\/holy_father\/benedict_xvi\/audiences\/2009\/documents\/hf_ben-xvi_aud_20090624_it.html\" target=\"_blank\">Leggi tutto il messaggio<\/a>]<em> \u00a9 Copyright 2008 &#8211; Libreria  Editrice Vaticana<\/em><\/p>\n<p style=\"text-align: left;\">Fonte del podcast: <strong>Radio Vaticana<\/strong> via FeedRss | <strong>Foto<\/strong>: <a href=\"https:\/\/www.photo.va\" target=\"_blank\">Osservatore Romano<\/a><\/p>\n<p style=\"text-align: justify;\"><span style=\"font-size: xx-small;\"><em>(The content of this podcast is copyrighted by Vatican Radio which, according to  its statute, is entrusted to manage and protect the sound recordings of the  Roman Pontiff, ensuring that their pastoral character and intellectual  property&#8217;s rights are protected when used by third parties. The content of this  podcast is made available only for personal and private use and cannot be  exploited for commercial purposes, without prior written authorization by  Vatican Radio. For further information, please contact the International  Relation Office at relint@vatiradio.va)<\/em><\/span><\/p>\n","protected":false},"excerpt":{"rendered":"<p>Dove: Piazza San Pietro (Roma) Anno Sacerdotale Cari fratelli e sorelle, venerd\u00ec scorso 19 giugno, Solennit\u00e0 del Sacratissimo Cuore di Ges\u00f9 e Giornata tradizionalmente dedicata alla preghiera per la santificazione dei sacerdoti, ho avuto la gioia d\u2019inaugurare l\u2019Anno Sacerdotale, indetto in occasione del centocinquantesimo anniversario della \u201cnascita al Cielo\u201d del Curato d\u2019Ars, san Giovanni Battista&#8230;<\/p>\n","protected":false},"author":3,"featured_media":0,"comment_status":"closed","ping_status":"closed","sticky":false,"template":"","format":"standard","meta":{"_kad_post_transparent":"","_kad_post_title":"","_kad_post_layout":"","_kad_post_sidebar_id":"","_kad_post_content_style":"","_kad_post_vertical_padding":"","_kad_post_feature":"","_kad_post_feature_position":"","_kad_post_header":false,"_kad_post_footer":false,"_kad_post_classname":"","footnotes":""},"categories":[99,4],"tags":[73,65],"class_list":["post-228535","post","type-post","status-publish","format-standard","hentry","category-99","category-audio-cattolici","tag-benedetto-xvi","tag-udienza-generale"],"_links":{"self":[{"href":"https:\/\/archivio.cercoiltuovolto.it\/index.php?rest_route=\/wp\/v2\/posts\/228535","targetHints":{"allow":["GET"]}}],"collection":[{"href":"https:\/\/archivio.cercoiltuovolto.it\/index.php?rest_route=\/wp\/v2\/posts"}],"about":[{"href":"https:\/\/archivio.cercoiltuovolto.it\/index.php?rest_route=\/wp\/v2\/types\/post"}],"author":[{"embeddable":true,"href":"https:\/\/archivio.cercoiltuovolto.it\/index.php?rest_route=\/wp\/v2\/users\/3"}],"replies":[{"embeddable":true,"href":"https:\/\/archivio.cercoiltuovolto.it\/index.php?rest_route=%2Fwp%2Fv2%2Fcomments&post=228535"}],"version-history":[{"count":0,"href":"https:\/\/archivio.cercoiltuovolto.it\/index.php?rest_route=\/wp\/v2\/posts\/228535\/revisions"}],"wp:attachment":[{"href":"https:\/\/archivio.cercoiltuovolto.it\/index.php?rest_route=%2Fwp%2Fv2%2Fmedia&parent=228535"}],"wp:term":[{"taxonomy":"category","embeddable":true,"href":"https:\/\/archivio.cercoiltuovolto.it\/index.php?rest_route=%2Fwp%2Fv2%2Fcategories&post=228535"},{"taxonomy":"post_tag","embeddable":true,"href":"https:\/\/archivio.cercoiltuovolto.it\/index.php?rest_route=%2Fwp%2Fv2%2Ftags&post=228535"}],"curies":[{"name":"wp","href":"https:\/\/api.w.org\/{rel}","templated":true}]}}