{"id":228527,"date":"2009-06-28T08:50:17","date_gmt":"2009-06-28T08:50:17","guid":{"rendered":"https:\/\/archivio.cercoiltuovolto.it\/?p=228527"},"modified":"2009-06-28T08:50:17","modified_gmt":"2009-06-28T08:50:17","slug":"come-il-padre-ha-amato-me-365-pensieri-per-lanno-sacerdotale","status":"publish","type":"post","link":"https:\/\/archivio.cercoiltuovolto.it\/?p=228527","title":{"rendered":"\u201cCome il Padre ha amato me\u2026 365 pensieri per l\u2019Anno Sacerdotale\u201d"},"content":{"rendered":"<p style=\"text-align: justify;\"><img loading=\"lazy\" decoding=\"async\" class=\"alignleft size-medium wp-image-5862\" title=\"Copertina del libro\" src=\"http:\/\/www.cercoiltuovolto.it\/\/wp-content\/uploads\/2009\/06\/978-88-311-7358-2-COME-IL-PADRE-HA-AMATO-ME-186x300.jpg\" alt=\"Copertina del libro\" width=\"186\" height=\"300\" \/><em>365 pensieri per l&#8217;Anno sacerdotale: scintille di luce tratte dalla Scrittura, dai Padri della Chiesa, dai Santi, dal Concilio Vaticano II. Testi di teologi, Papi, testimoni che invitano all&#8217;essenziale. In quattro volumi, che si possono facilmente unire al breviario, un percorso secondo le stagioni dell&#8217;anno che richiamano dimensioni fondamentali della vita dei preti: l&#8217;essere &#8211; l&#8217;agire &#8211; le sfide &#8211; le prospettive. Attenta ai tempi liturgici questa raccolta, preparata da esperti di varie regioni del mondo, nasce dalla convinzione che &#8220;il prete serve&#8221;: per realizzare la Chiesa come famiglia e diffondere nel mondo la civilt\u00e0 dell&#8217;amore. I successivi tre volumi saranno disponibili per l&#8217;inizio di ogni stagione. L&#8217;ultimo riporter\u00e0 un indice tematico.<\/em><\/p>\n<p style=\"text-align: justify;\"><em><strong>Acquista il libro<\/strong><br \/>\n<\/em><\/p>\n<p style=\"text-align: justify;\">L\u2019editrice Citt\u00e0 Nuova ha pubblicato nei giorni scorsi un volumetto dal titolo: \u201cCome il Padre ha amato me\u2026 365 pensieri per l\u2019Anno Sacerdotale\u201d. Si tratta della prima di quattro agili raccolte che si propongono di accompagnare, giorno per giorno, il cammino di quest\u2019anno speciale. Il primo libro approfondisce \u201cl\u2019essere\u201d del sacerdote, seguiranno l\u2019agire, le sfide e le prospettive. Adriana Masotti ha intervistato uno dei due curatori dell\u2019edizione, don Hubertus Blaumeiser, responsabile della parte sacerdotale del Movimento dei Focolari e consultore della Congregazione per l\u2019Educazione Cattolica.<\/p>\n<p style=\"text-align: justify;\">R. &#8211; Il Papa Benedetto XVI, nell\u2019annuncio, si \u00e8 augurato un rinnovamento della vita dei sacerdoti. In particolare ha detto: si tratta di entrare sempre di pi\u00f9 nella forma di vita degli apostoli, nel nuovo stile di vita inaugurato da Ges\u00f9. E\u2019 nata da qui l\u2019idea di individuare qualcosa che potesse aiutare, delle \u201cpillole saporose\u201d, per cos\u00ec dire, tratte dai Padri, dai Santi, dai Papi, dal Concilio in particolare, dai testimoni del nostro tempo. L\u2019idea era quella di offrire qualcosa di \u201cpopolare\u201d, un libro per i sacerdoti, certamente, ma anche per tutti, perch\u00e9 quest\u2019Anno Sacerdotale riguarda la Chiesa intera, e dunque uno strumento agile, che potesse accompagnare giorno dopo giorno quest\u2019Anno Sacerdotale.<\/p>\n<p style=\"text-align: justify;\">D. &#8211; Il primo dei quattro volumetti in programma \u00e8 dedicato all\u2019essere del sacerdote. Nella prefazione, \u00e8 riportata la frase di un vescovo che definisce la presenza del sacerdote accanto ai laici \u201cinquietante\u201d: \u00e8 una figura, cio\u00e8, che non lascia tranquilli. Colpisce questa definizione: cosa vuol dire, esattamente?<\/p>\n<p style=\"text-align: justify;\">R. &#8211; Il sacerdote \u00e8 \u201cinquietante\u201d perch\u00e9 innanzitutto aiuta a guardare oltre l\u2019orizzonte puramente umano. Il sacerdote apre un richiamo a Dio: \u00e8 uomo di Dio. Fa personalmente una profonda scelta di Dio e testimonia questa scelta di Dio. Ma \u00e8 \u201cinquietante\u201d anche perch\u00e9 spalanca l\u2019orizzonte dei rapporti umani oltre la piccola cerchia della famiglia, del proprio posto di lavoro: \u00e8 uno che richiama alla dimensione di Ges\u00f9, \u201cche tutti siano uno\u201d. Uno che richiama anche un certo stile di rapporti, non finalizzati al tornaconto ma gratuiti.<\/p>\n<p style=\"text-align: justify;\">D. &#8211; Una persona consacrata a Dio e quindi anche dono per gli altri\u2026<\/p>\n<p style=\"text-align: justify;\">R. &#8211; E\u2019 proprio questa la duplice tensione del sacerdote: da un lato \u00e8 tutto per Dio, in questo senso anche \u00e8 \u201ctolto dal mondo\u201d e lo esprime anche nella donazione a Dio nel celibato. Allo stesso tempo, per\u00f2, non \u00e8 fuori del mondo: \u00e8 nel mondo, \u00e8 per il mondo, e per gli altri, per tutti.<\/p>\n<p style=\"text-align: justify;\">D. &#8211; Don Hubertus, una parola sul Movimento sacerdotale dei Focolari: con quali sentimenti i sacerdoti hanno accolto l\u2019annuncio del Papa di indire quest\u2019Anno speciale dedicato a loro?<\/p>\n<p style=\"text-align: justify;\">R. &#8211; Il Movimento dei Focolari propone la sua spiritualit\u00e0 dell\u2019unit\u00e0, che ha una grande rilevanza per i sacerdoti che hanno proprio il compito di essere costruttori della comunione, della Chiesa-comunione, dell\u2019unit\u00e0. Sono centinaia, migliaia di sacerdoti nel mondo &#8211; crediamo circa 17 mila. La nostra reazione a quest\u2019Anno Sacerdotale \u00e8 stata di gioiosa sorpresa: ci sembra un\u2019iniziativa provvidenziale, un richiamo per noi a metterci ancor pi\u00f9 al servizio della Chiesa con quello spirito che ci anima e farlo in collaborazione con tutte le altre forze in seno alle diocesi, nella Chiesa universale, in modo costruttivo e propositivo.<\/p>\n","protected":false},"excerpt":{"rendered":"<p>365 pensieri per l&#8217;Anno sacerdotale: scintille di luce tratte dalla Scrittura, dai Padri della Chiesa, dai Santi, dal Concilio Vaticano II. Testi di teologi, Papi, testimoni che invitano all&#8217;essenziale. In quattro volumi, che si possono facilmente unire al breviario, un percorso secondo le stagioni dell&#8217;anno che richiamano dimensioni fondamentali della vita dei preti: l&#8217;essere &#8211;&#8230;<\/p>\n","protected":false},"author":3,"featured_media":0,"comment_status":"closed","ping_status":"closed","sticky":false,"template":"","format":"standard","meta":{"_kad_post_transparent":"","_kad_post_title":"","_kad_post_layout":"","_kad_post_sidebar_id":"","_kad_post_content_style":"","_kad_post_vertical_padding":"","_kad_post_feature":"","_kad_post_feature_position":"","_kad_post_header":false,"_kad_post_footer":false,"_kad_post_classname":"","footnotes":""},"categories":[99,149],"tags":[17,231],"class_list":["post-228527","post","type-post","status-publish","format-standard","hentry","category-99","category-interviste","tag-libri","tag-pensieri"],"_links":{"self":[{"href":"https:\/\/archivio.cercoiltuovolto.it\/index.php?rest_route=\/wp\/v2\/posts\/228527","targetHints":{"allow":["GET"]}}],"collection":[{"href":"https:\/\/archivio.cercoiltuovolto.it\/index.php?rest_route=\/wp\/v2\/posts"}],"about":[{"href":"https:\/\/archivio.cercoiltuovolto.it\/index.php?rest_route=\/wp\/v2\/types\/post"}],"author":[{"embeddable":true,"href":"https:\/\/archivio.cercoiltuovolto.it\/index.php?rest_route=\/wp\/v2\/users\/3"}],"replies":[{"embeddable":true,"href":"https:\/\/archivio.cercoiltuovolto.it\/index.php?rest_route=%2Fwp%2Fv2%2Fcomments&post=228527"}],"version-history":[{"count":0,"href":"https:\/\/archivio.cercoiltuovolto.it\/index.php?rest_route=\/wp\/v2\/posts\/228527\/revisions"}],"wp:attachment":[{"href":"https:\/\/archivio.cercoiltuovolto.it\/index.php?rest_route=%2Fwp%2Fv2%2Fmedia&parent=228527"}],"wp:term":[{"taxonomy":"category","embeddable":true,"href":"https:\/\/archivio.cercoiltuovolto.it\/index.php?rest_route=%2Fwp%2Fv2%2Fcategories&post=228527"},{"taxonomy":"post_tag","embeddable":true,"href":"https:\/\/archivio.cercoiltuovolto.it\/index.php?rest_route=%2Fwp%2Fv2%2Ftags&post=228527"}],"curies":[{"name":"wp","href":"https:\/\/api.w.org\/{rel}","templated":true}]}}