{"id":228503,"date":"2009-06-22T12:25:24","date_gmt":"2009-06-22T12:25:24","guid":{"rendered":"https:\/\/archivio.cercoiltuovolto.it\/?p=228503"},"modified":"2009-06-22T12:25:24","modified_gmt":"2009-06-22T12:25:24","slug":"anno-sacerdotale-2009-2010","status":"publish","type":"post","link":"https:\/\/archivio.cercoiltuovolto.it\/?p=228503","title":{"rendered":"Anno Sacerdotale 2009-2010"},"content":{"rendered":"<p style=\"text-align: center;\"><a href=\"http:\/\/www.clerus.org\/pls\/clerus\/consultazione.mostra_pagina?id_pagina=1522\" target=\"_blank\"><img loading=\"lazy\" decoding=\"async\" class=\"aligncenter size-full wp-image-5803\" title=\"Visita il sito\" src=\"http:\/\/www.cercoiltuovolto.it\/\/wp-content\/uploads\/2009\/06\/annus_logo.jpg\" alt=\"annus_logo\" width=\"622\" height=\"79\" \/><\/a><\/p>\n<blockquote>\n<p style=\"text-align: justify;\">Lettera per l&#8217;indizione dell&#8217;Anno Sacerdotale<\/p>\n<p style=\"text-align: justify;\">Cari fratelli nel Sacerdozio,<br \/>\n nella prossima solennit\u00e0 del Sacratissimo Cuore di Ges\u00f9, venerd\u00ec 19 giugno 2009 &#8211; giornata tradizionalmente dedicata alla preghiera per la santificazione del clero -, ho pensato di indire ufficialmente un &#8220;Anno Sacerdotale&#8221; in occasione del 150\u00b0 anniversario del &#8220;dies natalis&#8221; di Giovanni Maria Vianney, il Santo Patrono di tutti i parroci del mondo.<\/p>\n<\/blockquote>\n<p>[display_podcast]<\/p>\n<p><br class=\"spacer_\" \/><\/p>\n","protected":false},"excerpt":{"rendered":"<p>Lettera per l&#8217;indizione dell&#8217;Anno Sacerdotale Cari fratelli nel Sacerdozio, nella prossima solennit\u00e0 del Sacratissimo Cuore di Ges\u00f9, venerd\u00ec 19 giugno 2009 &#8211; giornata tradizionalmente dedicata alla preghiera per la santificazione del clero -, ho pensato di indire ufficialmente un &#8220;Anno Sacerdotale&#8221; in occasione del 150\u00b0 anniversario del &#8220;dies natalis&#8221; di Giovanni Maria Vianney, il Santo&#8230;<\/p>\n","protected":false},"author":3,"featured_media":0,"comment_status":"closed","ping_status":"closed","sticky":false,"template":"","format":"standard","meta":{"_kad_post_transparent":"","_kad_post_title":"","_kad_post_layout":"","_kad_post_sidebar_id":"","_kad_post_content_style":"","_kad_post_vertical_padding":"","_kad_post_feature":"","_kad_post_feature_position":"","_kad_post_header":false,"_kad_post_footer":false,"_kad_post_classname":"","footnotes":""},"categories":[99,127],"tags":[154,113,83],"class_list":["post-228503","post","type-post","status-publish","format-standard","hentry","category-99","category-benedetto-xvi","tag-iniziative","tag-video","tag-youtube"],"_links":{"self":[{"href":"https:\/\/archivio.cercoiltuovolto.it\/index.php?rest_route=\/wp\/v2\/posts\/228503","targetHints":{"allow":["GET"]}}],"collection":[{"href":"https:\/\/archivio.cercoiltuovolto.it\/index.php?rest_route=\/wp\/v2\/posts"}],"about":[{"href":"https:\/\/archivio.cercoiltuovolto.it\/index.php?rest_route=\/wp\/v2\/types\/post"}],"author":[{"embeddable":true,"href":"https:\/\/archivio.cercoiltuovolto.it\/index.php?rest_route=\/wp\/v2\/users\/3"}],"replies":[{"embeddable":true,"href":"https:\/\/archivio.cercoiltuovolto.it\/index.php?rest_route=%2Fwp%2Fv2%2Fcomments&post=228503"}],"version-history":[{"count":0,"href":"https:\/\/archivio.cercoiltuovolto.it\/index.php?rest_route=\/wp\/v2\/posts\/228503\/revisions"}],"wp:attachment":[{"href":"https:\/\/archivio.cercoiltuovolto.it\/index.php?rest_route=%2Fwp%2Fv2%2Fmedia&parent=228503"}],"wp:term":[{"taxonomy":"category","embeddable":true,"href":"https:\/\/archivio.cercoiltuovolto.it\/index.php?rest_route=%2Fwp%2Fv2%2Fcategories&post=228503"},{"taxonomy":"post_tag","embeddable":true,"href":"https:\/\/archivio.cercoiltuovolto.it\/index.php?rest_route=%2Fwp%2Fv2%2Ftags&post=228503"}],"curies":[{"name":"wp","href":"https:\/\/api.w.org\/{rel}","templated":true}]}}