{"id":228498,"date":"2009-06-21T10:02:59","date_gmt":"2009-06-21T10:02:59","guid":{"rendered":"https:\/\/archivio.cercoiltuovolto.it\/?p=228498"},"modified":"2009-06-21T10:02:59","modified_gmt":"2009-06-21T10:02:59","slug":"essere-comunita-per-fare-missione-storia-spiritualita-e-attivita","status":"publish","type":"post","link":"https:\/\/archivio.cercoiltuovolto.it\/?p=228498","title":{"rendered":"Essere comunit\u00e0 per fare missione. Storia, spiritualit\u00e0 e attivit\u00e0."},"content":{"rendered":"<blockquote>\n<p style=\"text-align: justify;\"><a rel=\"lightbox\" href=\"http:\/\/www.cercoiltuovolto.it\/\/wp-content\/uploads\/2009\/06\/comunita_villareggia_essere_comunita_06h97_org.jpg\"><img loading=\"lazy\" decoding=\"async\" class=\"alignleft size-medium wp-image-5784\" title=\"Copertina del libro\" src=\"http:\/\/www.cercoiltuovolto.it\/\/wp-content\/uploads\/2009\/06\/comunita_villareggia_essere_comunita_06h97_org-193x300.jpg\" alt=\"Copertina del libro\" width=\"193\" height=\"300\" \/><\/a>A Villaregia, frazione di Porto Viro (RO), \u00e8 sorta agli inizi degli anni Ottanta la <a href=\"http:\/\/www.cmv.it\/nuke\/\" target=\"_blank\">Comunit\u00e0 Missionaria di Villaregia (CMV)<\/a>, di cui questo volume presenta la storia, la spiritualit\u00e0 e le attivit\u00e0. Da Villaregia, la Comunit\u00e0 si \u00e8 poi estesa, con varie sedi, in tutta Italia, nonch\u00e9 in Africa e in America Latina.<br \/>\n In queste pagine la Comunit\u00e0 di Villaregia si racconta con l\u2019intento di diffondere la conoscenza della nuova forma di vita evangelica generata dal suo carisma, che ha i tratti caratteristici della spiritualit\u00e0 trinitaria, della quale sono impregnate tutte le espressioni del servizio che essa presta alla Chiesa.<br \/>\n Corredato di esperienze e testimonianze \u2013 oltre che di un inserto di foto a colori \u2013 il libro fa memoria del provvidenziale intreccio delle strade dei fondatori e dei loro primi \u201ccompagni di viaggio\u201d e mette in luce i pilastri del carisma: <strong>comunit\u00e0, missione, provvidenza<\/strong>.<\/p>\n<p style=\"text-align: justify;\">L\u2019obiettivo di queste pagine \u00e8 di presentare in modo organico la Comunit\u00e0 Missionaria di Villaregia; si tratta di pagine di testimonianza che coinvolgono proprio perch\u00e9 raccontano una esperienza di vita. Si tratta di un documento che testimonia la vitalit\u00e0 della Chiesa che al suo interno esprime sempre forme nuove per testimoniare il Vangelo. Si rivolge al grande pubblico e pu\u00f2 essere utile per le comunit\u00e0 parrocchiali che intendono confrontarsi con esperienze di vita evangelica.<br \/>\n Il volume \u00e8 corredato da un dvd ricco di informazioni e utile strumento di lavoro e di ricerca.<\/p>\n<p style=\"text-align: justify;\">Per informazioni:<br \/>\n <a href=\"mailto:ufficiostampa@paoline.it\">ufficiostampa@paoline.it<\/a><\/p>\n<\/blockquote>\n<p style=\"text-align: justify;\">\u00a0<\/p>\n<p style=\"text-align: justify;\"><em>La comunit\u00e0 missionaria di Villaregia si racconta in un libro. Attraverso esperienze e testimonianze, Essere Comunit\u00e0 per fare Missione, (ed. Paoline) ripercorre quel &#8220;provvidenziale intreccio&#8221; di strade che permise ai fondatori e ai loro primi compagni di vivere un &#8220;piccolo ma grande miracolo della fede&#8221;. La comunit\u00e0 contempla i segni della presenza di Dio in ogni giorno della vita e si sforza di darne testimonianza a chi \u00e8 inquieto.(Fonte: Radio Vaticana)<\/em><\/p>\n<p style=\"text-align: justify;\">[display_podcast]<\/p>\n<p style=\"text-align: justify;\">\u00a0<\/p>\n<h3>Informazioni utili<\/h3>\n<ul>\n<li><strong>Titolo <\/strong>Essere comunit\u00e0 per fare missione. Storia, spiritualit\u00e0 e attivit\u00e0. <strong>Con DVD<br \/>\n<\/strong><\/li>\n<li><strong>Curatore <\/strong>Comunit\u00e0 missionaria di Viallaregia<\/li>\n<li><strong>Prezzo <\/strong>\u20ac 4,50<\/li>\n<li><strong>Dati <\/strong>2009, 160 p.<\/li>\n<li><strong>Editore <\/strong>Paoline<span class=\"tcorpotesto\"> <\/span><\/li>\n<\/ul>\n<p class=\"acquista-paragrafo\"><a href=\"http:\/\/www.ibs.it\/code\/9788831535793\/essere-comunita-per?shop=3462\" target=\"_blank\">Acquista il libro<\/a> su IBS<\/p>\n","protected":false},"excerpt":{"rendered":"<p>A Villaregia, frazione di Porto Viro (RO), \u00e8 sorta agli inizi degli anni Ottanta la Comunit\u00e0 Missionaria di Villaregia (CMV), di cui questo volume presenta la storia, la spiritualit\u00e0 e le attivit\u00e0. Da Villaregia, la Comunit\u00e0 si \u00e8 poi estesa, con varie sedi, in tutta Italia, nonch\u00e9 in Africa e in America Latina. In queste&#8230;<\/p>\n","protected":false},"author":3,"featured_media":0,"comment_status":"closed","ping_status":"closed","sticky":false,"template":"","format":"standard","meta":{"_kad_post_transparent":"","_kad_post_title":"","_kad_post_layout":"","_kad_post_sidebar_id":"","_kad_post_content_style":"","_kad_post_vertical_padding":"","_kad_post_feature":"","_kad_post_feature_position":"","_kad_post_header":false,"_kad_post_footer":false,"_kad_post_classname":"","footnotes":""},"categories":[99,225],"tags":[17,226],"class_list":["post-228498","post","type-post","status-publish","format-standard","hentry","category-99","category-comunita","tag-libri","tag-missione"],"_links":{"self":[{"href":"https:\/\/archivio.cercoiltuovolto.it\/index.php?rest_route=\/wp\/v2\/posts\/228498","targetHints":{"allow":["GET"]}}],"collection":[{"href":"https:\/\/archivio.cercoiltuovolto.it\/index.php?rest_route=\/wp\/v2\/posts"}],"about":[{"href":"https:\/\/archivio.cercoiltuovolto.it\/index.php?rest_route=\/wp\/v2\/types\/post"}],"author":[{"embeddable":true,"href":"https:\/\/archivio.cercoiltuovolto.it\/index.php?rest_route=\/wp\/v2\/users\/3"}],"replies":[{"embeddable":true,"href":"https:\/\/archivio.cercoiltuovolto.it\/index.php?rest_route=%2Fwp%2Fv2%2Fcomments&post=228498"}],"version-history":[{"count":0,"href":"https:\/\/archivio.cercoiltuovolto.it\/index.php?rest_route=\/wp\/v2\/posts\/228498\/revisions"}],"wp:attachment":[{"href":"https:\/\/archivio.cercoiltuovolto.it\/index.php?rest_route=%2Fwp%2Fv2%2Fmedia&parent=228498"}],"wp:term":[{"taxonomy":"category","embeddable":true,"href":"https:\/\/archivio.cercoiltuovolto.it\/index.php?rest_route=%2Fwp%2Fv2%2Fcategories&post=228498"},{"taxonomy":"post_tag","embeddable":true,"href":"https:\/\/archivio.cercoiltuovolto.it\/index.php?rest_route=%2Fwp%2Fv2%2Ftags&post=228498"}],"curies":[{"name":"wp","href":"https:\/\/api.w.org\/{rel}","templated":true}]}}