{"id":228484,"date":"2009-06-18T08:13:39","date_gmt":"2009-06-18T08:13:39","guid":{"rendered":"https:\/\/archivio.cercoiltuovolto.it\/?p=228484"},"modified":"2009-06-18T08:13:39","modified_gmt":"2009-06-18T08:13:39","slug":"emergenza-betlemme-un-aiuto-per-i-piu-piccoli","status":"publish","type":"post","link":"https:\/\/archivio.cercoiltuovolto.it\/?p=228484","title":{"rendered":"Emergenza Betlemme: un aiuto per i pi\u00f9 piccoli"},"content":{"rendered":"<p style=\"text-align: justify;\"><a href=\"http:\/\/www.cercoiltuovolto.it\/\/wp-content\/uploads\/2009\/06\/aiuto-bimbi.jpg\"><img loading=\"lazy\" decoding=\"async\" class=\"alignleft size-medium wp-image-5745\" title=\"Bimbi\" src=\"http:\/\/www.cercoiltuovolto.it\/\/wp-content\/uploads\/2009\/06\/aiuto-bimbi-300x195.jpg\" alt=\"Bimbi\" width=\"300\" height=\"195\" \/><\/a>La citt\u00e0 di Betlemme vive da tempo una situazione di costante emergenza sociale, aggravata dal lungo conflitto in corso, reso pi\u00f9 acerbo dal muro di separazione tra territori palestinesi ed israeliani. <br \/>\n Aiutaci a sostenere le \u201cpietre vive\u201d pi\u00f9 fragili, in quel luogo cos\u00ec speciale della Terra Santa, proprio l\u00ec dove Dio si \u00e8 fatto bambino. Con i fondi raccolti si desidera sostenere l\u2019educazione dei bambini pi\u00f9 bisognosi e con problemi di apprendimento, oltre che fornire loro le cure mediche essenziali.<br \/>\n Il progetto viene promosso dai frati francescani della Custodia di Terra Santa che da pi\u00f9 di sette secoli custodiscono e animano i Luoghi Santi di Terra Santa tra i quali un posto di rilievo spetta alle Basiliche del Santo Sepolcro a Gerusalemme, della Nativit\u00e0 a Betlemme e dell\u2019Annunciazione a Nazareth.<br \/>\n Collaborano attivamente in loco le scuole della Custodia e la Parrocchia di Santa Caterina. Le scuole e la parrocchia, attraverso il centro giovanile ed il centro per la famiglia, si adopera per portare aiuto e sollievo alla popolazione rispondendo ai bisogni pi\u00f9 immediati.<\/p>\n<p style=\"text-align: justify;\">\n<p class=\"info\" style=\"text-align: justify;\"><a href=\"http:\/\/www.ats.custodia.org\/it\/progetti_v.php?id=35\" target=\"_blank\">Maggiori informazioni<\/a><\/p>\n","protected":false},"excerpt":{"rendered":"<p>La citt\u00e0 di Betlemme vive da tempo una situazione di costante emergenza sociale, aggravata dal lungo conflitto in corso, reso pi\u00f9 acerbo dal muro di separazione tra territori palestinesi ed israeliani. Aiutaci a sostenere le \u201cpietre vive\u201d pi\u00f9 fragili, in quel luogo cos\u00ec speciale della Terra Santa, proprio l\u00ec dove Dio si \u00e8 fatto bambino&#8230;.<\/p>\n","protected":false},"author":3,"featured_media":0,"comment_status":"closed","ping_status":"closed","sticky":false,"template":"","format":"standard","meta":{"_kad_post_transparent":"","_kad_post_title":"","_kad_post_layout":"","_kad_post_sidebar_id":"","_kad_post_content_style":"","_kad_post_vertical_padding":"","_kad_post_feature":"","_kad_post_feature_position":"","_kad_post_header":false,"_kad_post_footer":false,"_kad_post_classname":"","footnotes":""},"categories":[99,140],"tags":[154,210,130],"class_list":["post-228484","post","type-post","status-publish","format-standard","hentry","category-99","category-francescani","tag-iniziative","tag-solidarieta","tag-terra-santa"],"_links":{"self":[{"href":"https:\/\/archivio.cercoiltuovolto.it\/index.php?rest_route=\/wp\/v2\/posts\/228484","targetHints":{"allow":["GET"]}}],"collection":[{"href":"https:\/\/archivio.cercoiltuovolto.it\/index.php?rest_route=\/wp\/v2\/posts"}],"about":[{"href":"https:\/\/archivio.cercoiltuovolto.it\/index.php?rest_route=\/wp\/v2\/types\/post"}],"author":[{"embeddable":true,"href":"https:\/\/archivio.cercoiltuovolto.it\/index.php?rest_route=\/wp\/v2\/users\/3"}],"replies":[{"embeddable":true,"href":"https:\/\/archivio.cercoiltuovolto.it\/index.php?rest_route=%2Fwp%2Fv2%2Fcomments&post=228484"}],"version-history":[{"count":0,"href":"https:\/\/archivio.cercoiltuovolto.it\/index.php?rest_route=\/wp\/v2\/posts\/228484\/revisions"}],"wp:attachment":[{"href":"https:\/\/archivio.cercoiltuovolto.it\/index.php?rest_route=%2Fwp%2Fv2%2Fmedia&parent=228484"}],"wp:term":[{"taxonomy":"category","embeddable":true,"href":"https:\/\/archivio.cercoiltuovolto.it\/index.php?rest_route=%2Fwp%2Fv2%2Fcategories&post=228484"},{"taxonomy":"post_tag","embeddable":true,"href":"https:\/\/archivio.cercoiltuovolto.it\/index.php?rest_route=%2Fwp%2Fv2%2Ftags&post=228484"}],"curies":[{"name":"wp","href":"https:\/\/api.w.org\/{rel}","templated":true}]}}