{"id":228467,"date":"2009-06-15T07:02:27","date_gmt":"2009-06-15T07:02:27","guid":{"rendered":"https:\/\/archivio.cercoiltuovolto.it\/?p=228467"},"modified":"2009-06-15T07:02:27","modified_gmt":"2009-06-15T07:02:27","slug":"commento-al-vangelo-di-domenica-21-giugno-2009-com-cattolica","status":"publish","type":"post","link":"https:\/\/archivio.cercoiltuovolto.it\/?p=228467","title":{"rendered":"Commento al Vangelo di domenica 21 giugno 2009 &#8211; Com. Cattolica"},"content":{"rendered":"<p style=\"text-align: justify;\">Oggi siamo immersi nel pi\u00f9 profondo dramma della nostra esistenza \u2013 la prova, il dolore, il male, la morte: \u201cPassiamo all\u2019altra riva\u201d, dice Ges\u00f9 alludendo alla sua e alla nostra morte.<br \/>\n Dramma, perch\u00e9 qui Dio sembra latitante, Ges\u00f9 dormire in mezzo alle nostre tempeste, e noi a gridare disperati: \u201cMaestro, non ti importa che moriamo?\u201d.<\/p>\n<p style=\"text-align: justify;\">L\u2019episodio evangelico, con i suoi riferimenti alla morte e risurrezione di Ges\u00f9, ne diviene una risposta luminosa, e un invito a rivedere la nostra fede che forse non \u00e8 del tutto cos\u00ec viva: \u201cNon avete ancora fede?\u201d.<\/p>\n<p style=\"text-align: justify;\">1) LA TEMPESTA DI GESU\u2019 (Mc 4, 35-41)<\/p>\n<p style=\"text-align: justify;\">La prima tempesta l\u2019ha vissuta Ges\u00f9: giusto innocente \u00e8 schiacciato dai malvagi e si sente abbandonato da Dio: \u201cDio mio, Dio mio, perch\u00e9 mi hai abbandonato?\u201d (Mt 27,46). Una prova profonda di fede, tanto drammatica che al Getsemani gli spacc\u00f2 il cuore: \u201cL\u2019anima mia \u00e8 triste fino alla morte\u201d. (Sembra che Ges\u00f9 in croce alla fine mor\u00ec dell\u2019infarto iniziato qui al Getsemani). Ma ebbe il coraggio di dire: \u201cPadre mio, se \u00e8 possibile, passi da me questo calice! Per\u00f2 non come voglio io, ma come vuoi tu\u201d (Mt 26, 38-39). Dentro quel silenzio di Dio, Ges\u00f9 non dubit\u00f2, ma si affid\u00f2 totalmente e col massimo rischio a quel Dio tanto misterioso. (<a href=\"http:\/\/marcodaviano.wordpress.com\/2009\/06\/14\/taci-calmati\/\" target=\"_blank\">continua nel sito<\/a> della comunit\u00e0 cattolica italiana in Ungheria)<\/p>\n<p><br class=\"spacer_\" \/><\/p>\n<p style=\"text-align: justify;\">\n","protected":false},"excerpt":{"rendered":"<p>Oggi siamo immersi nel pi\u00f9 profondo dramma della nostra esistenza \u2013 la prova, il dolore, il male, la morte: \u201cPassiamo all\u2019altra riva\u201d, dice Ges\u00f9 alludendo alla sua e alla nostra morte. Dramma, perch\u00e9 qui Dio sembra latitante, Ges\u00f9 dormire in mezzo alle nostre tempeste, e noi a gridare disperati: \u201cMaestro, non ti importa che moriamo?\u201d&#8230;.<\/p>\n","protected":false},"author":3,"featured_media":0,"comment_status":"closed","ping_status":"closed","sticky":false,"template":"","format":"standard","meta":{"_kad_post_transparent":"","_kad_post_title":"","_kad_post_layout":"","_kad_post_sidebar_id":"","_kad_post_content_style":"","_kad_post_vertical_padding":"","_kad_post_feature":"","_kad_post_feature_position":"","_kad_post_header":false,"_kad_post_footer":false,"_kad_post_classname":"","footnotes":""},"categories":[99,147],"tags":[22,172,113],"class_list":["post-228467","post","type-post","status-publish","format-standard","hentry","category-99","category-commento-al-vangelo","tag-francescani","tag-vangelo-della-domenica","tag-video"],"_links":{"self":[{"href":"https:\/\/archivio.cercoiltuovolto.it\/index.php?rest_route=\/wp\/v2\/posts\/228467","targetHints":{"allow":["GET"]}}],"collection":[{"href":"https:\/\/archivio.cercoiltuovolto.it\/index.php?rest_route=\/wp\/v2\/posts"}],"about":[{"href":"https:\/\/archivio.cercoiltuovolto.it\/index.php?rest_route=\/wp\/v2\/types\/post"}],"author":[{"embeddable":true,"href":"https:\/\/archivio.cercoiltuovolto.it\/index.php?rest_route=\/wp\/v2\/users\/3"}],"replies":[{"embeddable":true,"href":"https:\/\/archivio.cercoiltuovolto.it\/index.php?rest_route=%2Fwp%2Fv2%2Fcomments&post=228467"}],"version-history":[{"count":0,"href":"https:\/\/archivio.cercoiltuovolto.it\/index.php?rest_route=\/wp\/v2\/posts\/228467\/revisions"}],"wp:attachment":[{"href":"https:\/\/archivio.cercoiltuovolto.it\/index.php?rest_route=%2Fwp%2Fv2%2Fmedia&parent=228467"}],"wp:term":[{"taxonomy":"category","embeddable":true,"href":"https:\/\/archivio.cercoiltuovolto.it\/index.php?rest_route=%2Fwp%2Fv2%2Fcategories&post=228467"},{"taxonomy":"post_tag","embeddable":true,"href":"https:\/\/archivio.cercoiltuovolto.it\/index.php?rest_route=%2Fwp%2Fv2%2Ftags&post=228467"}],"curies":[{"name":"wp","href":"https:\/\/api.w.org\/{rel}","templated":true}]}}