{"id":228460,"date":"2009-06-12T08:29:40","date_gmt":"2009-06-12T08:29:40","guid":{"rendered":"https:\/\/archivio.cercoiltuovolto.it\/?p=228460"},"modified":"2009-06-12T08:29:40","modified_gmt":"2009-06-12T08:29:40","slug":"assisi-nel-nome-del-cuore","status":"publish","type":"post","link":"https:\/\/archivio.cercoiltuovolto.it\/?p=228460","title":{"rendered":"Assisi &#8211; Nel nome del cuore"},"content":{"rendered":"<p style=\"text-align: justify; \"><a rel=\"lightbox\" href=\"http:\/\/www.cercoiltuovolto.it\/\/wp-content\/uploads\/2009\/06\/nndc.jpg\"><img loading=\"lazy\" decoding=\"async\" class=\"alignleft size-full wp-image-5678\" title=\"Logo\" src=\"http:\/\/www.cercoiltuovolto.it\/\/wp-content\/uploads\/2009\/06\/nndc.jpg\" alt=\"Logo\" width=\"108\" height=\"86\" \/><\/a>L&#8217;iniziativa del <a href=\"http:\/\/www.sanfrancescopatronoditalia.it\/\" target=\"_blank\">Sacro Convento di Assisi<\/a> \u201c<strong><a title=\"Leggi la notizia\" href=\"http:\/\/www.sanfrancescopatronoditalia.it\/articolo.php?id_articolo=589\" target=\"_blank\">Nel nome del Cuore<\/a><\/strong>\u201d \u00e8 una raccolta fondi per la realizzazione di infrastrutture in Kenya e Zimbabwe, attraverso donazioni via sms. Venerd\u00ec 12 giugno 2009, avr\u00e0 luogo una serata con artisti come Renato Zero, Raf e Tiziano Ferro. Sar\u00e0 trasmessa da RAI UNO dalla Piazza Inferiore della Basilica di San Francesco ad Assisi.<\/p>\n<p style=\"text-align: justify; \">[display_podcast]<\/p>\n<p style=\"text-align: center; \"><a rel=\"lightbox\" href=\"http:\/\/www.cercoiltuovolto.it\/\/wp-content\/uploads\/2009\/06\/nel_nome_del_cuore.jpg\"><img loading=\"lazy\" decoding=\"async\" class=\"aligncenter size-medium wp-image-5677\" title=\"Una immagine della passata edizione\" src=\"http:\/\/www.cercoiltuovolto.it\/\/wp-content\/uploads\/2009\/06\/nel_nome_del_cuore-300x199.jpg\" alt=\"Una immagine della passata edizione\" width=\"300\" height=\"199\" \/><\/a><\/p>\n<p style=\"text-align: center; \">\u00a0<\/p>\n<p class=\"info\" style=\"text-align: center; \"><a href=\"http:\/\/www.sanfrancescopatronoditalia.it\/visualizza_video.php?id_multimedia=64\" target=\"_blank\"><strong>Guarda i video di presentazione<\/strong><\/a><\/p>\n<p class=\"fonte\" style=\"text-align: justify; \">Fonte: Radio Vaticana<\/p>\n","protected":false},"excerpt":{"rendered":"<p>L&#8217;iniziativa del Sacro Convento di Assisi \u201cNel nome del Cuore\u201d \u00e8 una raccolta fondi per la realizzazione di infrastrutture in Kenya e Zimbabwe, attraverso donazioni via sms. Venerd\u00ec 12 giugno 2009, avr\u00e0 luogo una serata con artisti come Renato Zero, Raf e Tiziano Ferro. Sar\u00e0 trasmessa da RAI UNO dalla Piazza Inferiore della Basilica di&#8230;<\/p>\n","protected":false},"author":3,"featured_media":0,"comment_status":"closed","ping_status":"closed","sticky":false,"template":"","format":"standard","meta":{"_kad_post_transparent":"","_kad_post_title":"","_kad_post_layout":"","_kad_post_sidebar_id":"","_kad_post_content_style":"","_kad_post_vertical_padding":"","_kad_post_feature":"","_kad_post_feature_position":"","_kad_post_header":false,"_kad_post_footer":false,"_kad_post_classname":"","footnotes":""},"categories":[99,4],"tags":[154,31,27],"class_list":["post-228460","post","type-post","status-publish","format-standard","hentry","category-99","category-audio-cattolici","tag-iniziative","tag-radio-nel-web","tag-radio-vaticana"],"_links":{"self":[{"href":"https:\/\/archivio.cercoiltuovolto.it\/index.php?rest_route=\/wp\/v2\/posts\/228460","targetHints":{"allow":["GET"]}}],"collection":[{"href":"https:\/\/archivio.cercoiltuovolto.it\/index.php?rest_route=\/wp\/v2\/posts"}],"about":[{"href":"https:\/\/archivio.cercoiltuovolto.it\/index.php?rest_route=\/wp\/v2\/types\/post"}],"author":[{"embeddable":true,"href":"https:\/\/archivio.cercoiltuovolto.it\/index.php?rest_route=\/wp\/v2\/users\/3"}],"replies":[{"embeddable":true,"href":"https:\/\/archivio.cercoiltuovolto.it\/index.php?rest_route=%2Fwp%2Fv2%2Fcomments&post=228460"}],"version-history":[{"count":0,"href":"https:\/\/archivio.cercoiltuovolto.it\/index.php?rest_route=\/wp\/v2\/posts\/228460\/revisions"}],"wp:attachment":[{"href":"https:\/\/archivio.cercoiltuovolto.it\/index.php?rest_route=%2Fwp%2Fv2%2Fmedia&parent=228460"}],"wp:term":[{"taxonomy":"category","embeddable":true,"href":"https:\/\/archivio.cercoiltuovolto.it\/index.php?rest_route=%2Fwp%2Fv2%2Fcategories&post=228460"},{"taxonomy":"post_tag","embeddable":true,"href":"https:\/\/archivio.cercoiltuovolto.it\/index.php?rest_route=%2Fwp%2Fv2%2Ftags&post=228460"}],"curies":[{"name":"wp","href":"https:\/\/api.w.org\/{rel}","templated":true}]}}