{"id":228457,"date":"2009-06-12T07:00:21","date_gmt":"2009-06-12T07:00:21","guid":{"rendered":"https:\/\/archivio.cercoiltuovolto.it\/?p=228457"},"modified":"2009-06-12T07:00:21","modified_gmt":"2009-06-12T07:00:21","slug":"video-vangelo-del-14062009-santissimo-corpo-e-sangue-di-cristo","status":"publish","type":"post","link":"https:\/\/archivio.cercoiltuovolto.it\/?p=228457","title":{"rendered":"Video Vangelo del 14\/06\/2009 &#8211;  Santissimo Corpo e Sangue di Cristo"},"content":{"rendered":"<p style=\"text-align: center;\"><img loading=\"lazy\" decoding=\"async\" style=\"border: 0px solid #000000; margin: 5px; width: 304px; height: 140px;\" title=\"Audiovisivi\" src=\"http:\/\/www.cercoiltuovolto.it\/\/images\/stories\/logo\/logo_testata_audiovisivi.jpg\" alt=\"Audiovisivi\" width=\"304\" height=\"140\" \/><\/p>\n<p style=\"text-align: left;\"><strong>Guarda il video della lettura del vangelo<\/strong> della settimana e le <strong>riflessioni <\/strong>affidate a diversi commentatori. <strong>Commento <\/strong>di  Chiara  Pedraccini, insegnante di religione e membro della Commissione Famiglia della  diocesi. | <strong>Lettrice<\/strong> Elena Gianni<\/p>\n<p style=\"text-align: left;\">[display_podcast]<\/p>\n<p style=\"text-align: left;\">\u00a0<\/p>\n<p style=\"text-align: left;\">\u00a0<\/p>\n<blockquote style=\"text-align: justify;\"><p><strong> Vangelo <\/strong><em>Mc 14,12-16.22-26<br \/>\n <em>uesto \u00e8 il mio corpo. Questo \u00e8   il mio sangue.<\/em><br \/>\n <\/em><strong>Dal Vangelo secondo Marco <\/strong><br \/>\n Il primo giorno degli \u00c0zzimi, quando si immolava la Pasqua, i discepoli dissero a Ges\u00f9: \u00abDove vuoi che andiamo a preparare, perch\u00e9 tu possa mangiare la Pasqua?\u00bb. <br \/>\n Allora mand\u00f2 due dei suoi discepoli, dicendo loro: \u00abAndate in citt\u00e0 e vi verr\u00e0 incontro un uomo con una brocca d&#8217;acqua; seguitelo. L\u00e0 dove entrer\u00e0, dite al padrone di casa: &#8220;Il Maestro dice: Dov&#8217;\u00e8 la mia stanza, in cui io possa mangiare la Pasqua con i miei discepoli?&#8221;. Egli vi mostrer\u00e0 al piano superiore una grande sala, arredata e gi\u00e0 pronta; l\u00ec preparate la cena per noi\u00bb. <br \/>\n I discepoli andarono e, entrati in citt\u00e0, trovarono come aveva detto loro e   prepararono la Pasqua.<br \/>\n Mentre mangiavano, prese il pane e recit\u00f2 la benedizione, lo spezz\u00f2 e lo diede loro, dicendo: \u00abPrendete, questo \u00e8 il mio corpo\u00bb. Poi prese un calice e rese grazie, lo diede loro e ne bevvero tutti. E disse loro: \u00abQuesto \u00e8 il mio sangue dell&#8217;alleanza, che \u00e8 versato per molti. In verit\u00e0 io vi dico che non berr\u00f2 mai pi\u00f9 del frutto della vite fino al giorno in cui lo berr\u00f2 nuovo, nel regno di Dio\u00bb.<br \/>\n Dopo aver cantato l&#8217;inno, uscirono   verso il monte degli Ulivi.<\/p><\/blockquote>\n<p class=\"info\"><strong>Fonte del video<\/strong>: Centro Audiovisivi &#8211; La Buona Notizia<\/p>\n","protected":false},"excerpt":{"rendered":"<p>Guarda il video della lettura del vangelo della settimana e le riflessioni affidate a diversi commentatori. Commento di Chiara Pedraccini, insegnante di religione e membro della Commissione Famiglia della diocesi. | Lettrice Elena Gianni [display_podcast] \u00a0 \u00a0 Vangelo Mc 14,12-16.22-26 uesto \u00e8 il mio corpo. Questo \u00e8 il mio sangue. Dal Vangelo secondo Marco Il&#8230;<\/p>\n","protected":false},"author":3,"featured_media":0,"comment_status":"closed","ping_status":"closed","sticky":false,"template":"","format":"standard","meta":{"_kad_post_transparent":"","_kad_post_title":"","_kad_post_layout":"","_kad_post_sidebar_id":"","_kad_post_content_style":"","_kad_post_vertical_padding":"","_kad_post_feature":"","_kad_post_feature_position":"","_kad_post_header":false,"_kad_post_footer":false,"_kad_post_classname":"","footnotes":""},"categories":[99,147],"tags":[42,172,113],"class_list":["post-228457","post","type-post","status-publish","format-standard","hentry","category-99","category-commento-al-vangelo","tag-lettura-del-vangelo","tag-vangelo-della-domenica","tag-video"],"_links":{"self":[{"href":"https:\/\/archivio.cercoiltuovolto.it\/index.php?rest_route=\/wp\/v2\/posts\/228457","targetHints":{"allow":["GET"]}}],"collection":[{"href":"https:\/\/archivio.cercoiltuovolto.it\/index.php?rest_route=\/wp\/v2\/posts"}],"about":[{"href":"https:\/\/archivio.cercoiltuovolto.it\/index.php?rest_route=\/wp\/v2\/types\/post"}],"author":[{"embeddable":true,"href":"https:\/\/archivio.cercoiltuovolto.it\/index.php?rest_route=\/wp\/v2\/users\/3"}],"replies":[{"embeddable":true,"href":"https:\/\/archivio.cercoiltuovolto.it\/index.php?rest_route=%2Fwp%2Fv2%2Fcomments&post=228457"}],"version-history":[{"count":0,"href":"https:\/\/archivio.cercoiltuovolto.it\/index.php?rest_route=\/wp\/v2\/posts\/228457\/revisions"}],"wp:attachment":[{"href":"https:\/\/archivio.cercoiltuovolto.it\/index.php?rest_route=%2Fwp%2Fv2%2Fmedia&parent=228457"}],"wp:term":[{"taxonomy":"category","embeddable":true,"href":"https:\/\/archivio.cercoiltuovolto.it\/index.php?rest_route=%2Fwp%2Fv2%2Fcategories&post=228457"},{"taxonomy":"post_tag","embeddable":true,"href":"https:\/\/archivio.cercoiltuovolto.it\/index.php?rest_route=%2Fwp%2Fv2%2Ftags&post=228457"}],"curies":[{"name":"wp","href":"https:\/\/api.w.org\/{rel}","templated":true}]}}