{"id":228394,"date":"2009-05-28T11:55:11","date_gmt":"2009-05-28T11:55:11","guid":{"rendered":"https:\/\/archivio.cercoiltuovolto.it\/?p=228394"},"modified":"2009-05-28T11:55:11","modified_gmt":"2009-05-28T11:55:11","slug":"video-vangelo-del-31052009-pentecoste-voce-audiovisivi","status":"publish","type":"post","link":"https:\/\/archivio.cercoiltuovolto.it\/?p=228394","title":{"rendered":"Video Vangelo del 31\/05\/2009 &#8211; Pentecoste &#8211; Voce Audiovisivi"},"content":{"rendered":"<p style=\"text-align: left;\"><strong>Guarda il video della lettura del vangelo<\/strong> della settimana e le <strong>riflessioni <\/strong>affidate a diversi commentatori. <strong>Commento <\/strong>di Chiara Pedraccini, insegnante di religione e membro della Commissione Famiglia della diocesi. | <strong>Lettrice<\/strong> Elena Gianni | <strong>Location<\/strong> Pieve di San Pancrazio di Montichiari<\/p>\n<p style=\"text-align: left;\">[display_podcast]<\/p>\n<p style=\"text-align: left;\">\u00a0<\/p>\n<p style=\"text-align: left;\"><strong>Vangelo Gv 15,26-27; 16,12-15<\/strong><\/p>\n<blockquote>\n<p style=\"text-align: justify;\"><em>o Spirito di verit\u00e0 vi guider\u00e0 alla verit\u00e0 tutta intera.<br \/>\n <\/em>+Dal Vangelo secondo Giovanni <br \/>\n In quel tempo, Ges\u00f9 disse ai suoi discepoli: <br \/>\n \u00abQuando verr\u00e0 il Par\u00e0clito, che io vi mander\u00f2 dal Padre, lo Spirito della verit\u00e0 che procede dal Padre, egli dar\u00e0 testimonianza di me; e anche voi date testimonianza, perch\u00e9 siete con me fin dal principio.<br \/>\n Molte cose ho ancora da dirvi, ma per il momento non siete capaci di portarne il peso. Quando verr\u00e0 lui, lo Spirito della verit\u00e0, vi guider\u00e0 a tutta la verit\u00e0, perch\u00e9 non parler\u00e0 da se stesso, ma dir\u00e0 tutto ci\u00f2 che avr\u00e0 udito e vi annuncer\u00e0 le cose future. Egli mi glorificher\u00e0, perch\u00e9 prender\u00e0 da quel che \u00e8 mio e ve lo annuncer\u00e0. Tutto quello che il Padre possiede \u00e8 mio; per questo ho detto che prender\u00e0 da quel che \u00e8 mio e ve lo annuncer\u00e0\u00bb.<strong><br \/>\n <\/strong><\/p>\n<\/blockquote>\n<p class=\"info\"><strong>Fonte del video<\/strong>: Centro Audiovisivi &#8211; La Buona Notizia<\/p>\n<p style=\"text-align: center;\">[ad#ad-pagine]<\/p>\n","protected":false},"excerpt":{"rendered":"<p>Guarda il video della lettura del vangelo della settimana e le riflessioni affidate a diversi commentatori. Commento di Chiara Pedraccini, insegnante di religione e membro della Commissione Famiglia della diocesi. | Lettrice Elena Gianni | Location Pieve di San Pancrazio di Montichiari [display_podcast] \u00a0 Vangelo Gv 15,26-27; 16,12-15 o Spirito di verit\u00e0 vi guider\u00e0 alla&#8230;<\/p>\n","protected":false},"author":3,"featured_media":0,"comment_status":"closed","ping_status":"closed","sticky":false,"template":"","format":"standard","meta":{"_kad_post_transparent":"","_kad_post_title":"","_kad_post_layout":"","_kad_post_sidebar_id":"","_kad_post_content_style":"","_kad_post_vertical_padding":"","_kad_post_feature":"","_kad_post_feature_position":"","_kad_post_header":false,"_kad_post_footer":false,"_kad_post_classname":"","footnotes":""},"categories":[99,147],"tags":[42,215,172],"class_list":["post-228394","post","type-post","status-publish","format-standard","hentry","category-99","category-commento-al-vangelo","tag-lettura-del-vangelo","tag-pentecoste","tag-vangelo-della-domenica"],"_links":{"self":[{"href":"https:\/\/archivio.cercoiltuovolto.it\/index.php?rest_route=\/wp\/v2\/posts\/228394","targetHints":{"allow":["GET"]}}],"collection":[{"href":"https:\/\/archivio.cercoiltuovolto.it\/index.php?rest_route=\/wp\/v2\/posts"}],"about":[{"href":"https:\/\/archivio.cercoiltuovolto.it\/index.php?rest_route=\/wp\/v2\/types\/post"}],"author":[{"embeddable":true,"href":"https:\/\/archivio.cercoiltuovolto.it\/index.php?rest_route=\/wp\/v2\/users\/3"}],"replies":[{"embeddable":true,"href":"https:\/\/archivio.cercoiltuovolto.it\/index.php?rest_route=%2Fwp%2Fv2%2Fcomments&post=228394"}],"version-history":[{"count":0,"href":"https:\/\/archivio.cercoiltuovolto.it\/index.php?rest_route=\/wp\/v2\/posts\/228394\/revisions"}],"wp:attachment":[{"href":"https:\/\/archivio.cercoiltuovolto.it\/index.php?rest_route=%2Fwp%2Fv2%2Fmedia&parent=228394"}],"wp:term":[{"taxonomy":"category","embeddable":true,"href":"https:\/\/archivio.cercoiltuovolto.it\/index.php?rest_route=%2Fwp%2Fv2%2Fcategories&post=228394"},{"taxonomy":"post_tag","embeddable":true,"href":"https:\/\/archivio.cercoiltuovolto.it\/index.php?rest_route=%2Fwp%2Fv2%2Ftags&post=228394"}],"curies":[{"name":"wp","href":"https:\/\/api.w.org\/{rel}","templated":true}]}}