{"id":228372,"date":"2009-05-25T07:59:42","date_gmt":"2009-05-25T07:59:42","guid":{"rendered":"https:\/\/archivio.cercoiltuovolto.it\/?p=228372"},"modified":"2009-05-25T07:59:42","modified_gmt":"2009-05-25T07:59:42","slug":"commento-al-vangelo-del-31-maggio-2009-pentecoste-i-miracoli-dello-spirito","status":"publish","type":"post","link":"https:\/\/archivio.cercoiltuovolto.it\/?p=228372","title":{"rendered":"Commento al Vangelo del 31 maggio 2009 &#8211; Pentecoste \u2013 I miracoli dello Spirito"},"content":{"rendered":"<p style=\"text-align: justify;\"><em><img loading=\"lazy\" decoding=\"async\" class=\"alignleft size-full wp-image-5424\" title=\"Verr\u00e0 il Consolatore\" src=\"http:\/\/www.cercoiltuovolto.it\/\/wp-content\/uploads\/2009\/05\/00001689.jpg\" alt=\"Verr\u00e0 il Consolatore\" width=\"206\" height=\"187\" \/>Messa del Giorno Vangelo: Gv 15,26-27; 16,12-15<\/em><\/p>\n<p style=\"text-align: justify;\">Lo Spirito \u00e8 chiamato a compiere tre miracoli. Il primo \u00e8 di <strong>attualizzare l\u2019evento storico di Ges\u00f9<\/strong>, accaduto in un tempo e in un luogo, rendendolo disponibile per ogni tempo e per ogni luogo. Lo Spirito \u00e8 il protagonista che mantiene aperta la storia di Ges\u00f9 rendendola perennemente attuale e salvifica. Senza lo Spirito, la storia di Ges\u00f9 \u2013 compresa la sua risurrezione \u2013 sarebbe rimasta una storia chiusa nel passato, non un evento perennemente contemporaneo. Lo Spirito \u00e8 la continuit\u00e0 fra il tempo di Ges\u00f9 e il tempo ella Chiesa. Certamente ci sono anche altri fattori di continuit\u00e0: le Scritture, il ricordo delle parole di Ges\u00f9, gli apostoli. Tuttavia il vero fattore della continuit\u00e0 \u00e8 lo Spirito. (Continua a leggere tutto il commento nel sito della <a href=\"http:\/\/marcodaviano.wordpress.com\/2009\/05\/24\/pentecoste-i-miracoli-dello-spirito\/\" target=\"_blank\">Comunit\u00e0 Cattolica italiana in Ungheria<\/a>)<\/p>\n<p style=\"text-align: justify;\">[display_podcast]<\/p>\n<p style=\"text-align: justify;\">\u00a0<\/p>\n","protected":false},"excerpt":{"rendered":"<p>Messa del Giorno Vangelo: Gv 15,26-27; 16,12-15 Lo Spirito \u00e8 chiamato a compiere tre miracoli. Il primo \u00e8 di attualizzare l\u2019evento storico di Ges\u00f9, accaduto in un tempo e in un luogo, rendendolo disponibile per ogni tempo e per ogni luogo. Lo Spirito \u00e8 il protagonista che mantiene aperta la storia di Ges\u00f9 rendendola perennemente&#8230;<\/p>\n","protected":false},"author":3,"featured_media":0,"comment_status":"closed","ping_status":"closed","sticky":false,"template":"","format":"standard","meta":{"_kad_post_transparent":"","_kad_post_title":"","_kad_post_layout":"","_kad_post_sidebar_id":"","_kad_post_content_style":"","_kad_post_vertical_padding":"","_kad_post_feature":"","_kad_post_feature_position":"","_kad_post_header":false,"_kad_post_footer":false,"_kad_post_classname":"","footnotes":""},"categories":[99,147],"tags":[22,215,172],"class_list":["post-228372","post","type-post","status-publish","format-standard","hentry","category-99","category-commento-al-vangelo","tag-francescani","tag-pentecoste","tag-vangelo-della-domenica"],"_links":{"self":[{"href":"https:\/\/archivio.cercoiltuovolto.it\/index.php?rest_route=\/wp\/v2\/posts\/228372","targetHints":{"allow":["GET"]}}],"collection":[{"href":"https:\/\/archivio.cercoiltuovolto.it\/index.php?rest_route=\/wp\/v2\/posts"}],"about":[{"href":"https:\/\/archivio.cercoiltuovolto.it\/index.php?rest_route=\/wp\/v2\/types\/post"}],"author":[{"embeddable":true,"href":"https:\/\/archivio.cercoiltuovolto.it\/index.php?rest_route=\/wp\/v2\/users\/3"}],"replies":[{"embeddable":true,"href":"https:\/\/archivio.cercoiltuovolto.it\/index.php?rest_route=%2Fwp%2Fv2%2Fcomments&post=228372"}],"version-history":[{"count":0,"href":"https:\/\/archivio.cercoiltuovolto.it\/index.php?rest_route=\/wp\/v2\/posts\/228372\/revisions"}],"wp:attachment":[{"href":"https:\/\/archivio.cercoiltuovolto.it\/index.php?rest_route=%2Fwp%2Fv2%2Fmedia&parent=228372"}],"wp:term":[{"taxonomy":"category","embeddable":true,"href":"https:\/\/archivio.cercoiltuovolto.it\/index.php?rest_route=%2Fwp%2Fv2%2Fcategories&post=228372"},{"taxonomy":"post_tag","embeddable":true,"href":"https:\/\/archivio.cercoiltuovolto.it\/index.php?rest_route=%2Fwp%2Fv2%2Ftags&post=228372"}],"curies":[{"name":"wp","href":"https:\/\/api.w.org\/{rel}","templated":true}]}}