{"id":228347,"date":"2009-05-21T07:00:18","date_gmt":"2009-05-21T07:00:18","guid":{"rendered":"https:\/\/archivio.cercoiltuovolto.it\/?p=228347"},"modified":"2009-05-21T07:00:18","modified_gmt":"2009-05-21T07:00:18","slug":"i-carismi-secondo-san-paolo","status":"publish","type":"post","link":"https:\/\/archivio.cercoiltuovolto.it\/?p=228347","title":{"rendered":"I carismi secondo San Paolo"},"content":{"rendered":"<p style=\"text-align: justify;\">I carismi sono doni gratuiti elargiti dallo Spirito a chi vuole per un servizio speciale nell&#8217;edificazione della comunit\u00e0 (12,4-11). Nella loro molteplicit\u00e0 e diversit\u00e0, sono espressione di quanto l&#8217;unico Spirito opera nella comunit\u00e0 dei credenti tenendo conto della specifica finalit\u00e0 e dei destinatari. (don Carlo Rovagnati)<\/p>\n<p class=\"download\" style=\"text-align: justify;\"><a href=\"http:\/\/audio.lanuovaregaldi.it\/09-04-26_ValsesiaGiovani_donCarloMaria%20Rovagnati.WMA\">Download file audio<\/a><\/p>\n<p style=\"text-align: justify;\">\u00a0<\/p>\n<p class=\"fonte\" style=\"text-align: justify;\">Fonte: <a href=\"http:\/\/www.lanuovaregaldi.it\/archivio.cfm?sezioneArc=725\" target=\"_blank\">La Nuova Regaldi<\/a><\/p>\n","protected":false},"excerpt":{"rendered":"<p>I carismi sono doni gratuiti elargiti dallo Spirito a chi vuole per un servizio speciale nell&#8217;edificazione della comunit\u00e0 (12,4-11). Nella loro molteplicit\u00e0 e diversit\u00e0, sono espressione di quanto l&#8217;unico Spirito opera nella comunit\u00e0 dei credenti tenendo conto della specifica finalit\u00e0 e dei destinatari. (don Carlo Rovagnati) Download file audio \u00a0 Fonte: La Nuova Regaldi<\/p>\n","protected":false},"author":3,"featured_media":0,"comment_status":"closed","ping_status":"closed","sticky":false,"template":"","format":"standard","meta":{"_kad_post_transparent":"","_kad_post_title":"","_kad_post_layout":"","_kad_post_sidebar_id":"","_kad_post_content_style":"","_kad_post_vertical_padding":"","_kad_post_feature":"","_kad_post_feature_position":"","_kad_post_header":false,"_kad_post_footer":false,"_kad_post_classname":"","footnotes":""},"categories":[99,4],"tags":[117,154,50],"class_list":["post-228347","post","type-post","status-publish","format-standard","hentry","category-99","category-audio-cattolici","tag-incontri","tag-iniziative","tag-san-paolo"],"_links":{"self":[{"href":"https:\/\/archivio.cercoiltuovolto.it\/index.php?rest_route=\/wp\/v2\/posts\/228347","targetHints":{"allow":["GET"]}}],"collection":[{"href":"https:\/\/archivio.cercoiltuovolto.it\/index.php?rest_route=\/wp\/v2\/posts"}],"about":[{"href":"https:\/\/archivio.cercoiltuovolto.it\/index.php?rest_route=\/wp\/v2\/types\/post"}],"author":[{"embeddable":true,"href":"https:\/\/archivio.cercoiltuovolto.it\/index.php?rest_route=\/wp\/v2\/users\/3"}],"replies":[{"embeddable":true,"href":"https:\/\/archivio.cercoiltuovolto.it\/index.php?rest_route=%2Fwp%2Fv2%2Fcomments&post=228347"}],"version-history":[{"count":0,"href":"https:\/\/archivio.cercoiltuovolto.it\/index.php?rest_route=\/wp\/v2\/posts\/228347\/revisions"}],"wp:attachment":[{"href":"https:\/\/archivio.cercoiltuovolto.it\/index.php?rest_route=%2Fwp%2Fv2%2Fmedia&parent=228347"}],"wp:term":[{"taxonomy":"category","embeddable":true,"href":"https:\/\/archivio.cercoiltuovolto.it\/index.php?rest_route=%2Fwp%2Fv2%2Fcategories&post=228347"},{"taxonomy":"post_tag","embeddable":true,"href":"https:\/\/archivio.cercoiltuovolto.it\/index.php?rest_route=%2Fwp%2Fv2%2Ftags&post=228347"}],"curies":[{"name":"wp","href":"https:\/\/api.w.org\/{rel}","templated":true}]}}