{"id":228343,"date":"2009-05-19T09:58:58","date_gmt":"2009-05-19T09:58:58","guid":{"rendered":"https:\/\/archivio.cercoiltuovolto.it\/?p=228343"},"modified":"2009-05-19T09:58:58","modified_gmt":"2009-05-19T09:58:58","slug":"pope2you-e-la-43esima-giornata-mondiale-delle-comunicazioni-24-maggio-2009","status":"publish","type":"post","link":"https:\/\/archivio.cercoiltuovolto.it\/?p=228343","title":{"rendered":"Pope2You e la 43esima Giornata Mondiale delle Comunicazioni &#8211; 24 Maggio 2009"},"content":{"rendered":"<blockquote>\n<p style=\"text-align: justify;\"><img loading=\"lazy\" decoding=\"async\" class=\"alignleft size-full wp-image-5310\" title=\"Logo\" src=\"http:\/\/www.cercoiltuovolto.it\/\/wp-content\/uploads\/2009\/05\/layout_logo_p2y.jpg\" alt=\"Logo\" width=\"224\" height=\"176\" \/><\/p>\n<p style=\"text-align: justify;\"><strong>Pope2You<\/strong>: questo il nome del progetto che sar\u00e0 online da dopodomani, gioved\u00ec, e che rappresenta un\u2019autentica \u201cprima volta\u201d della chiesa nel campo dei social network. Come spiega l\u2019infaticabile don Paolo Padrini, coordinatore del progetto per conto del <a href=\"http:\/\/www.pccs.va\/\" target=\"_blank\">Pontificio Consiglio per le Comunicazioni sociali<\/a>, l\u2019iniziativa \u201crimanda alla filosofia della <strong>condivisione dei file \u00abpeer to peer\u00bb<\/strong>, che in questo caso significa: il Papa verso te\/voi, in particolare verso i giovani, e i giovani verso il Papa\u201d. Attraverso il sito, che sar\u00e0 disponibile in cinque lingue (italiano, inglese, spagnolo, tedesco e francese), sar\u00e0 possibile agli utenti  \u201centrare in contatto con la persona di Benedetto XVI, attraverso le sue parole, soprattutto attraverso il <a href=\"http:\/\/www.vatican.va\/holy_father\/benedict_xvi\/messages\/communications\/documents\/hf_ben-xvi_mes_20090124_43rd-world-communications-day_it.html\" target=\"_blank\">messaggio per la Giornata mondiale delle comunicazioni sociali<\/a>\u201d.<\/p>\n<p style=\"text-align: justify;\">Da parte sua, mons. Claudio Maria Celli, presidente del Pontificio Consiglio, ha spiegato che \u201cPope to you \u00e8 \u201cil primo tentativo valido di un sito che cerca di avere un dialogo propositivo con i giovani sulla linea di quanto indicato dal Papa nel messaggio per la Giornata mondiale\u201d, ossia \u201cpromuovere una cultura di <strong>rispetto<\/strong>, di <strong>dialogo<\/strong>, di <strong>amicizia<\/strong>\u201d. Con questo progetto, ha aggiunto mons. Celli, \u201cintendiamo promuovere un\u2019esperienza di condivisione delle parole e delle immagini del Papa\u201d con l\u2019augurio di \u201cpassare dalla condivisione alla relazione\u201d. Per quanto riguarda il futuro del portale, \u201cal momento \u2013 ha concluso il presidente del Pccs \u2013 non c\u2019\u00e8 in programma una stabilit\u00e0. Bisogna vedere quale sar\u00e0 la risposta dei giovani\u201d.<\/p>\n<\/blockquote>\n<p class=\"fonte\" style=\"text-align: justify;\">Fonte: <a href=\"http:\/\/spiritualseeds.wordpress.com\/2009\/05\/19\/pope2you-un-progetto-2-0-per-la-giornata-delle-comunicazioni-sociali\/\" target=\"_blank\">Spiritual Seeds<\/a> | Altro link: <a href=\"http:\/\/www.religione20.net\/2009\/05\/19\/pope2you-il-papa-nel-mondo-del-web-20\/\" target=\"_blank\">Religione 2.0<\/a><\/p>\n<h3>Presentazione del messaggio da parte di Mons. Celli<\/h3>\n<p style=\"text-align: center;\">\n<h3>Alcune immagini in anteprima del sito internet &#8220;Pope2You&#8221;:<\/h3>\n<p style=\"text-align: justify;\">\u00a0<\/p>\n<p style=\"text-align: center;\"><a rel=\"lightbox\" href=\"http:\/\/www.cercoiltuovolto.it\/\/wp-content\/uploads\/2009\/05\/homepage-pope2you.jpg\"><img loading=\"lazy\" decoding=\"async\" class=\"aligncenter size-medium wp-image-5312\" title=\"homepage-pope2you\" src=\"http:\/\/www.cercoiltuovolto.it\/\/wp-content\/uploads\/2009\/05\/homepage-pope2you-300x297.jpg\" alt=\"homepage-pope2you\" width=\"300\" height=\"297\" \/><\/a><\/p>\n<p style=\"text-align: center;\"><a rel=\"lightbox\" href=\"http:\/\/www.cercoiltuovolto.it\/\/wp-content\/uploads\/2009\/05\/fb-pope2you.jpg\"><img loading=\"lazy\" decoding=\"async\" class=\"aligncenter size-medium wp-image-5315\" title=\"fb-pope2you\" src=\"http:\/\/www.cercoiltuovolto.it\/\/wp-content\/uploads\/2009\/05\/fb-pope2you-300x297.jpg\" alt=\"fb-pope2you\" width=\"300\" height=\"297\" \/><\/a><\/p>\n<p style=\"text-align: center;\"><a rel=\"lightbox\" href=\"http:\/\/www.cercoiltuovolto.it\/\/wp-content\/uploads\/2009\/05\/yt-pope2you.jpg\"><img loading=\"lazy\" decoding=\"async\" class=\"aligncenter size-medium wp-image-5311\" title=\"yt-pope2you\" src=\"http:\/\/www.cercoiltuovolto.it\/\/wp-content\/uploads\/2009\/05\/yt-pope2you-300x297.jpg\" alt=\"yt-pope2you\" width=\"300\" height=\"297\"><br \/>\n<\/img><\/a><\/p>\n<blockquote>\n<p style=\"text-align: justify;\">La Giornata Mondiale delle Comunicazioni Sociali, l\u2019unica celebrazione mondiale voluta dal Concilio Vaticano II (<a href=\"http:\/\/www.pccs.va\/pccs\/documenti\/gmcs2009\/cd\/documenti%5Chtml%5Cita%5Cinter_mirifica_ita.htm\">Inter mirifica<\/a>, 1963) \u00e8 celebrata in quasi tutti i Paesi, per decisione dei Vescovi del mondo, la domenica che precede la Pentecoste. L\u2019annuncio del tema avviene il 29 settembre, festa degli Arcangeli Michele, Raffaele e Gabriele, designato patrono di quanti lavorano nella radio. Tradizionalmente, il <a href=\"http:\/\/www.pccs.va\/pccs\/documenti\/gmcs2009\/cd\/documenti\/html\/ita\/gmcs\/43_GMCS_Ita.htm\" target=\"_blank\">Messaggio del Santo Padre per la Giornata Mondiale<\/a> viene reso pubblico il 24 gennaio, giorno dedicato alla memoria di <a title=\"San Francesco di Sales (Thorens-Gli\u00e8res, 21 agosto 1567 - Lione, 28 dicembre 1622)\" href=\"http:\/\/www.pccs.va\/pccs\/documenti\/gmcs2009\/cd\/images\/san_francesco_di_sales.jpg\" target=\"_blank\">San Francesco di Sales<\/a>, patrono dei giornalisti. Le Conferenze Episcopali e gli Uffici diocesani hanno cos\u00ec il tempo per preparare il materiale necessario alle celebrazioni nazionali e locali.<\/p>\n<\/blockquote>\n<p style=\"text-align: center;\">[ad#ad-pagine]<\/p>\n","protected":false},"excerpt":{"rendered":"<p>Pope2You: questo il nome del progetto che sar\u00e0 online da dopodomani, gioved\u00ec, e che rappresenta un\u2019autentica \u201cprima volta\u201d della chiesa nel campo dei social network. Come spiega l\u2019infaticabile don Paolo Padrini, coordinatore del progetto per conto del Pontificio Consiglio per le Comunicazioni sociali, l\u2019iniziativa \u201crimanda alla filosofia della condivisione dei file \u00abpeer to peer\u00bb, che&#8230;<\/p>\n","protected":false},"author":3,"featured_media":0,"comment_status":"closed","ping_status":"closed","sticky":false,"template":"","format":"standard","meta":{"_kad_post_transparent":"","_kad_post_title":"","_kad_post_layout":"","_kad_post_sidebar_id":"","_kad_post_content_style":"","_kad_post_vertical_padding":"","_kad_post_feature":"","_kad_post_feature_position":"","_kad_post_header":false,"_kad_post_footer":false,"_kad_post_classname":"","footnotes":""},"categories":[99,127],"tags":[97,154,169],"class_list":["post-228343","post","type-post","status-publish","format-standard","hentry","category-99","category-benedetto-xvi","tag-facebook","tag-iniziative","tag-internet"],"_links":{"self":[{"href":"https:\/\/archivio.cercoiltuovolto.it\/index.php?rest_route=\/wp\/v2\/posts\/228343","targetHints":{"allow":["GET"]}}],"collection":[{"href":"https:\/\/archivio.cercoiltuovolto.it\/index.php?rest_route=\/wp\/v2\/posts"}],"about":[{"href":"https:\/\/archivio.cercoiltuovolto.it\/index.php?rest_route=\/wp\/v2\/types\/post"}],"author":[{"embeddable":true,"href":"https:\/\/archivio.cercoiltuovolto.it\/index.php?rest_route=\/wp\/v2\/users\/3"}],"replies":[{"embeddable":true,"href":"https:\/\/archivio.cercoiltuovolto.it\/index.php?rest_route=%2Fwp%2Fv2%2Fcomments&post=228343"}],"version-history":[{"count":0,"href":"https:\/\/archivio.cercoiltuovolto.it\/index.php?rest_route=\/wp\/v2\/posts\/228343\/revisions"}],"wp:attachment":[{"href":"https:\/\/archivio.cercoiltuovolto.it\/index.php?rest_route=%2Fwp%2Fv2%2Fmedia&parent=228343"}],"wp:term":[{"taxonomy":"category","embeddable":true,"href":"https:\/\/archivio.cercoiltuovolto.it\/index.php?rest_route=%2Fwp%2Fv2%2Fcategories&post=228343"},{"taxonomy":"post_tag","embeddable":true,"href":"https:\/\/archivio.cercoiltuovolto.it\/index.php?rest_route=%2Fwp%2Fv2%2Ftags&post=228343"}],"curies":[{"name":"wp","href":"https:\/\/api.w.org\/{rel}","templated":true}]}}