{"id":228308,"date":"2009-05-15T08:00:46","date_gmt":"2009-05-15T08:00:46","guid":{"rendered":"https:\/\/archivio.cercoiltuovolto.it\/?p=228308"},"modified":"2009-05-15T08:00:46","modified_gmt":"2009-05-15T08:00:46","slug":"la-chiesa-della-carita","status":"publish","type":"post","link":"https:\/\/archivio.cercoiltuovolto.it\/?p=228308","title":{"rendered":"La chiesa della carit\u00e0"},"content":{"rendered":"<p style=\"text-align: justify;\"><a rel=\"lightbox\" href=\"http:\/\/www.cercoiltuovolto.it\/\/wp-content\/uploads\/2009\/05\/qu7m4tz3l1iq-m.jpg\"><img loading=\"lazy\" decoding=\"async\" class=\"alignleft size-full wp-image-5183\" title=\"La chiesa della carit\u00e0\" src=\"http:\/\/www.cercoiltuovolto.it\/\/wp-content\/uploads\/2009\/05\/qu7m4tz3l1iq-m.jpg\" alt=\"La chiesa della carit\u00e0\" width=\"78\" height=\"120\" \/><\/a>\u00abIl volume non vuole essere la celebrazione di una figura eminente di Caritas Italiana, qual \u00e8 mons. Giovanni Nervo. Vuole nascere da una ricorrenza significativa, il novantesimo genetliaco del primo presidente di Caritas Italiana, per aiutare l&#8217;incontro tra storia e carit\u00e0, teologia e carit\u00e0, azione pastorale e carit\u00e0\u00bb (dalla Presentazione).<\/p>\n<p style=\"text-align: justify;\">La chiesa della carit\u00e0 &#8211; Miscellanea in onore di mons. Giovanni Nervo. Presentazione di mons. Giuseppe Merisi. Introduzione di mons. Vittorio Nozza. A cura di Giancarlo Perego<\/p>\n<p>[display_podcast]<br \/>\n Fonte del file: Fatti Prossimi &#8211; Radio Caritas Italiana\u00a0<\/p>\n<p><br class=\"spacer_\" \/><\/p>\n<h3>Informazioni utili<\/h3>\n<ul>\n<li><strong>Titolo\u00a0<span style=\"font-weight: normal;\">La chiesa della carit\u00e0<\/span><\/strong><\/li>\n<li><strong>Autore <\/strong>Caritas Italiana<\/li>\n<li><strong>Prezzo <\/strong>\u20ac 18,80<\/li>\n<li><strong>Dati <\/strong>2009, 352 p.<\/li>\n<li><strong>Editore <\/strong>Edizioni Dehoniane Bologna<\/li>\n<\/ul>\n<p class=\"acquista-paragrafo\"><a href=\"http:\/\/www.libreriadelsanto.it\/libri\/9788810203507\/la-chiesa-della-carita.html\" target=\"_blank\">Acquista il libro<\/a> su Libreria del Santo<\/p>\n<p style=\"text-align: center;\">\n[ad#ad-pagine]<\/p>\n","protected":false},"excerpt":{"rendered":"<p>\u00abIl volume non vuole essere la celebrazione di una figura eminente di Caritas Italiana, qual \u00e8 mons. Giovanni Nervo. Vuole nascere da una ricorrenza significativa, il novantesimo genetliaco del primo presidente di Caritas Italiana, per aiutare l&#8217;incontro tra storia e carit\u00e0, teologia e carit\u00e0, azione pastorale e carit\u00e0\u00bb (dalla Presentazione). La chiesa della carit\u00e0 &#8211;&#8230;<\/p>\n","protected":false},"author":3,"featured_media":0,"comment_status":"closed","ping_status":"closed","sticky":false,"template":"","format":"standard","meta":{"_kad_post_transparent":"","_kad_post_title":"","_kad_post_layout":"","_kad_post_sidebar_id":"","_kad_post_content_style":"","_kad_post_vertical_padding":"","_kad_post_feature":"","_kad_post_feature_position":"","_kad_post_header":false,"_kad_post_footer":false,"_kad_post_classname":"","footnotes":""},"categories":[99,3],"tags":[],"class_list":["post-228308","post","type-post","status-publish","format-standard","hentry","category-99","category-libri"],"_links":{"self":[{"href":"https:\/\/archivio.cercoiltuovolto.it\/index.php?rest_route=\/wp\/v2\/posts\/228308","targetHints":{"allow":["GET"]}}],"collection":[{"href":"https:\/\/archivio.cercoiltuovolto.it\/index.php?rest_route=\/wp\/v2\/posts"}],"about":[{"href":"https:\/\/archivio.cercoiltuovolto.it\/index.php?rest_route=\/wp\/v2\/types\/post"}],"author":[{"embeddable":true,"href":"https:\/\/archivio.cercoiltuovolto.it\/index.php?rest_route=\/wp\/v2\/users\/3"}],"replies":[{"embeddable":true,"href":"https:\/\/archivio.cercoiltuovolto.it\/index.php?rest_route=%2Fwp%2Fv2%2Fcomments&post=228308"}],"version-history":[{"count":0,"href":"https:\/\/archivio.cercoiltuovolto.it\/index.php?rest_route=\/wp\/v2\/posts\/228308\/revisions"}],"wp:attachment":[{"href":"https:\/\/archivio.cercoiltuovolto.it\/index.php?rest_route=%2Fwp%2Fv2%2Fmedia&parent=228308"}],"wp:term":[{"taxonomy":"category","embeddable":true,"href":"https:\/\/archivio.cercoiltuovolto.it\/index.php?rest_route=%2Fwp%2Fv2%2Fcategories&post=228308"},{"taxonomy":"post_tag","embeddable":true,"href":"https:\/\/archivio.cercoiltuovolto.it\/index.php?rest_route=%2Fwp%2Fv2%2Ftags&post=228308"}],"curies":[{"name":"wp","href":"https:\/\/api.w.org\/{rel}","templated":true}]}}