{"id":228303,"date":"2009-05-12T15:43:20","date_gmt":"2009-05-12T15:43:20","guid":{"rendered":"https:\/\/archivio.cercoiltuovolto.it\/?p=228303"},"modified":"2009-05-12T15:43:20","modified_gmt":"2009-05-12T15:43:20","slug":"del-buon-uso-delle-crisi","status":"publish","type":"post","link":"https:\/\/archivio.cercoiltuovolto.it\/?p=228303","title":{"rendered":"Del buon uso delle crisi"},"content":{"rendered":"<blockquote>\n<p style=\"text-align: justify;\"><strong><em><img loading=\"lazy\" decoding=\"async\" class=\"alignleft size-full wp-image-5164\" title=\"Copertina del libro\" src=\"http:\/\/www.cercoiltuovolto.it\/\/wp-content\/uploads\/2009\/05\/del-buon-uso-delle-crisi.jpg\" alt=\"Copertina del libro\" width=\"200\" height=\"331\" \/>Leggi le prime due pagine&#8230;<\/em><\/strong><br \/>\n Eccoci dunque insieme. Nel momento in cui stiamo per levare l&#8217;ancora per una traversata incerta, in questo congresso, c&#8217;\u00e8 nell&#8217;aria una solennit\u00e0 &#8211; un&#8217;emozione &#8211; la mia &#8211; la vostra &#8211; un&#8217;apertura &#8211; una disponibilit\u00e0 &#8211; un&#8217;improvvisa capacit\u00e0 in ognuno di noi di afferrare l&#8217;istante. Io vi sento in ascolto &#8211; sento lo scricchiolio del vostro ascolto. Mi sento mentre mi ascolto. Si crea uno spazio &#8211; fragile, sottile, sensibile &#8211; come lo spazio tra la corteccia e l&#8217;alburno, uno spazio vulnerabile in cui non occorre dir niente, in cui non c&#8217;\u00e8 niente da aggiungere n\u00e8 da togliere. In questo spazio in cui ci sentiamo respirare si celebra un mistero &#8211; il mistero della Presenza.<br \/>\n Qualche cosa che comincia e noi entriamo insieme in questo spazio. Un istante fa eravamo sulla soglia e ora entriamo. Tutti gli istanti della nostra vita sono cos\u00ec. Tutti senza eccezione, degli hic et nunc (qui e ora) di Dio, tutti, ma non li percepiamo cos\u00ec. La separazione di noi stessi nella quale spesso viviamo ci separa anche dal Reale &#8211; dalla solennit\u00e0 dell&#8217;istante &#8211; e crea una realt\u00e0 parallela che ad esso si sostituisce. Quello che vediamo per tutto il tempo in cui ci troviamo nella separazione \u00e8 la trappola in cui viviamo rinchiusi, la trappola individuale e collettiva, che chiamiamo realt\u00e0 &#8211; e chi ne conosce tutte le pieghe \u00e8 un realista. A chi percepisce la solennit\u00e0 dell&#8217;istante non si rivela un mondo soprannaturale, il meraviglioso o fantastico. No. Si rivela a lui soltanto il REALE puro e semplice &#8211; QUELLO CHE \u00e8 sempre nell&#8217;intensit\u00e0 delle origini &#8211; quando per un momento la benda che ci copriva gli occhi si dissipa e da non vedenti che eravamo diventiamo vedenti &#8211; o meglio veggenti (mistici) quando, secondo la definizione di Martin Buber, vediamo finalmente solo QUELLO CHE \u00e8. Il mondo cosidetto realista fa di me il fedele di una religione sanguinaria, trasformando tutto ci\u00f2 che un istante prima era vivo in denaro, in cifre, in andamento della Borsa, in attualit\u00e0 televisiva, freddo e ghiaccio. Fondamentalismo orrido dei nostri mercantilismi occidentali. Miraggio mortale e planetario.<\/p>\n<\/blockquote>\n<p style=\"text-align: justify;\"><a title=\"Fonte del file mp3\" href=\"http:\/\/www.radiovoce.it\/podcast_dettagli.php?get_id=1996\" target=\"_blank\">Suor Francesca Bernacchia<\/a>, Dorotea da Cemmo del Centro Mater Divinae Gratiae, ci offre ad ogni puntata suggerimenti sulla lettura di libri ricchi di spunti di riflessione sul tema della spiritualit\u00e0.<\/p>\n<p>[display_podcast]<\/p>\n<p><br class=\"spacer_\" \/><\/p>\n<h3>Informazioni utili<\/h3>\n<ul>\n<li><strong>Titolo <\/strong>Del buon uso delle crisi <\/li>\n<li><strong>Autore <\/strong>Christiane Singer <\/li>\n<li><strong>Prezzo <\/strong>\u20ac 10,00<\/li>\n<li><strong>Dati <\/strong>2006, 128 p.<\/li>\n<li><strong>Editore <\/strong>Servitium<span class=\"tcorpotesto\"> <\/span><\/li>\n<\/ul>\n<p class=\"acquista-paragrafo\"><a href=\"http:\/\/www.libreriadelsanto.it\/libri\/9788881662616\/del-buon-uso-delle-crisi.html\" target=\"_blank\">Acquista il libro<\/a> su Libreria del Santo<\/p>\n<p style=\"text-align: center;\">[ad#ad-pagine]<\/p>\n","protected":false},"excerpt":{"rendered":"<p>Leggi le prime due pagine&#8230; Eccoci dunque insieme. Nel momento in cui stiamo per levare l&#8217;ancora per una traversata incerta, in questo congresso, c&#8217;\u00e8 nell&#8217;aria una solennit\u00e0 &#8211; un&#8217;emozione &#8211; la mia &#8211; la vostra &#8211; un&#8217;apertura &#8211; una disponibilit\u00e0 &#8211; un&#8217;improvvisa capacit\u00e0 in ognuno di noi di afferrare l&#8217;istante. Io vi sento in ascolto&#8230;<\/p>\n","protected":false},"author":3,"featured_media":0,"comment_status":"closed","ping_status":"closed","sticky":false,"template":"","format":"standard","meta":{"_kad_post_transparent":"","_kad_post_title":"","_kad_post_layout":"","_kad_post_sidebar_id":"","_kad_post_content_style":"","_kad_post_vertical_padding":"","_kad_post_feature":"","_kad_post_feature_position":"","_kad_post_header":false,"_kad_post_footer":false,"_kad_post_classname":"","footnotes":""},"categories":[99,3],"tags":[17],"class_list":["post-228303","post","type-post","status-publish","format-standard","hentry","category-99","category-libri","tag-libri"],"_links":{"self":[{"href":"https:\/\/archivio.cercoiltuovolto.it\/index.php?rest_route=\/wp\/v2\/posts\/228303","targetHints":{"allow":["GET"]}}],"collection":[{"href":"https:\/\/archivio.cercoiltuovolto.it\/index.php?rest_route=\/wp\/v2\/posts"}],"about":[{"href":"https:\/\/archivio.cercoiltuovolto.it\/index.php?rest_route=\/wp\/v2\/types\/post"}],"author":[{"embeddable":true,"href":"https:\/\/archivio.cercoiltuovolto.it\/index.php?rest_route=\/wp\/v2\/users\/3"}],"replies":[{"embeddable":true,"href":"https:\/\/archivio.cercoiltuovolto.it\/index.php?rest_route=%2Fwp%2Fv2%2Fcomments&post=228303"}],"version-history":[{"count":0,"href":"https:\/\/archivio.cercoiltuovolto.it\/index.php?rest_route=\/wp\/v2\/posts\/228303\/revisions"}],"wp:attachment":[{"href":"https:\/\/archivio.cercoiltuovolto.it\/index.php?rest_route=%2Fwp%2Fv2%2Fmedia&parent=228303"}],"wp:term":[{"taxonomy":"category","embeddable":true,"href":"https:\/\/archivio.cercoiltuovolto.it\/index.php?rest_route=%2Fwp%2Fv2%2Fcategories&post=228303"},{"taxonomy":"post_tag","embeddable":true,"href":"https:\/\/archivio.cercoiltuovolto.it\/index.php?rest_route=%2Fwp%2Fv2%2Ftags&post=228303"}],"curies":[{"name":"wp","href":"https:\/\/api.w.org\/{rel}","templated":true}]}}