{"id":228300,"date":"2009-05-12T06:00:40","date_gmt":"2009-05-12T06:00:40","guid":{"rendered":"https:\/\/archivio.cercoiltuovolto.it\/?p=228300"},"modified":"2009-05-12T06:00:40","modified_gmt":"2009-05-12T06:00:40","slug":"mons-simoni-prato-va-in-chat-su-internet-per-dialogare","status":"publish","type":"post","link":"https:\/\/archivio.cercoiltuovolto.it\/?p=228300","title":{"rendered":"Mons. Simoni (Prato) va in chat: &#8220;Su Internet per dialogare&#8221;"},"content":{"rendered":"<p style=\"text-align: justify;\"><strong><img loading=\"lazy\" decoding=\"async\" class=\"alignleft size-full wp-image-5156\" title=\"Mons. Simoni\" src=\"http:\/\/www.cercoiltuovolto.it\/\/wp-content\/uploads\/2009\/05\/chatdiocesipp.jpg\" alt=\"Mons. Simoni\" width=\"143\" height=\"110\" \/>Il primo appuntamento \u00e8 per le 21,30 di marted\u00ec 12 maggio<\/strong>. Baster\u00e0 collegarsi al portale internet <a href=\"http:\/\/www.diocesiprato.it\/\" target=\"_blank\">www.diocesiprato.it<\/a> e, attraverso il link evidenziato in homepage, si potr\u00e0 chattare col <strong>Vescovo Simoni<\/strong>. O, detto in altre parole per chi ha poca dimestichezza con le nuove tecnologie, tutti coloro che lo vorranno potranno dialogare in tempo reale scrivendo via internet a mons. Simoni, che risponder\u00e0 e converser\u00e0 dal suo ufficio in episcopio attraverso internet. <br \/>\n \u00c8 la prima volta in Italia che un Vescovo va in chat. L\u2019iniziativa, ideata dall\u2019Ufficio diocesano per le comunicazioni sociali, \u00e8 stata inserita nella Missione diocesana e fu annunciata per la prima volta proprio durante la presentazione di quest\u2019ultima.<\/p>\n<blockquote>\n<p style=\"text-align: justify;\">\u00abCon la Missione diocesana &#8211; spiega mons. Simoni &#8211; abbiamo voluto che la Chiesa uscisse&#8230; di chiesa, andando incontro all\u2019uomo laddove vive, lavora, intrattiene relazioni. Ho desiderato per questo &#8211; prosegue il Vescovo &#8211; fermarmi anche nella grande piazza virtuale di internet, divenuta ormai un luogo abituale di ritrovo e di confronto per tante persone\u00bb.<\/p>\n<\/blockquote>\n<p style=\"text-align: justify;\"><strong>Marted\u00ec 12 si potr\u00e0 dialogare col Vescovo fino alle 23<\/strong>; il secondo appuntamento sar\u00e0 sabato <strong>16 maggio, dalle 20,30 alle 23<\/strong>. Una volta collegati a www.diocesiprato.it e dopo aver cliccato sul link della chat, occorre accedere come ospite, scegliendo un \u00abnick name\u00bb (un nomignolo) personale. Una procedura, insomma, informale e semplicissima.<\/p>\n<blockquote>\n<p style=\"text-align: justify;\">\u00abSar\u00f2 on line &#8211; spiega ancora Simoni &#8211; per parlare, rispondere a domande, confrontarmi, anche semplicemente salutare amici, persone conosciute o che non ho mai incontrato di persona. Certo &#8211; confida &#8211; ho dovuto vincere qualche mia ritrosia, anche perch\u00e9 con le nuove tecnologie non ho dimestichezza. Ma i miei collaboratori dell\u2019Ufficio per le comunicazioni sociali, che da anni curano il portale internet della Diocesi e altri servizi informatici, mi aiuteranno\u00bb.<\/p>\n<\/blockquote>\n<p style=\"text-align: justify;\">L\u2019iniziativa, non casualmente, giunge a pochi giorni dalla Giornata mondiale delle Comunicazioni Sociali, che si terr\u00e0 domenica 24 maggio. Benedetto XVI ha voluto dedicare il tradizionale messaggio al tema: \u00abNuove tecnologie, nuove relazioni. Promuovere una cultura di rispetto, di dialogo, di amicizia\u00bb. Scrive, tra l\u2019altro, il Papa:<\/p>\n<blockquote>\n<p style=\"text-align: justify;\">\u00abI giovani, in particolare, hanno colto l\u2019enorme potenziale dei nuovi media nel favorire la connessione, la comunicazione e la comprensione tra individui e comunit\u00e0 e li utilizzano per comunicare con i propri amici, per incontrarne di nuovi, per creare comunit\u00e0 e reti, per cercare informazioni e notizie, per condividere le proprie idee e opinioni\u00bb. <br \/>\n (dal numero 18 del 10 maggio 2009)<\/p>\n<\/blockquote>\n<p class=\"fonte\">Fonte: <a href=\"http:\/\/www.toscanaoggi.it\/notizia_3.php?IDNotizia=11261\" target=\"_blank\">Toscana Oggi<\/a><br class=\"spacer_\" \/><\/p>\n","protected":false},"excerpt":{"rendered":"<p>Il primo appuntamento \u00e8 per le 21,30 di marted\u00ec 12 maggio. Baster\u00e0 collegarsi al portale internet www.diocesiprato.it e, attraverso il link evidenziato in homepage, si potr\u00e0 chattare col Vescovo Simoni. O, detto in altre parole per chi ha poca dimestichezza con le nuove tecnologie, tutti coloro che lo vorranno potranno dialogare in tempo reale scrivendo&#8230;<\/p>\n","protected":false},"author":3,"featured_media":0,"comment_status":"closed","ping_status":"closed","sticky":false,"template":"","format":"standard","meta":{"_kad_post_transparent":"","_kad_post_title":"","_kad_post_layout":"","_kad_post_sidebar_id":"","_kad_post_content_style":"","_kad_post_vertical_padding":"","_kad_post_feature":"","_kad_post_feature_position":"","_kad_post_header":false,"_kad_post_footer":false,"_kad_post_classname":"","footnotes":""},"categories":[99,4],"tags":[62,154,169],"class_list":["post-228300","post","type-post","status-publish","format-standard","hentry","category-99","category-audio-cattolici","tag-diocesi","tag-iniziative","tag-internet"],"_links":{"self":[{"href":"https:\/\/archivio.cercoiltuovolto.it\/index.php?rest_route=\/wp\/v2\/posts\/228300","targetHints":{"allow":["GET"]}}],"collection":[{"href":"https:\/\/archivio.cercoiltuovolto.it\/index.php?rest_route=\/wp\/v2\/posts"}],"about":[{"href":"https:\/\/archivio.cercoiltuovolto.it\/index.php?rest_route=\/wp\/v2\/types\/post"}],"author":[{"embeddable":true,"href":"https:\/\/archivio.cercoiltuovolto.it\/index.php?rest_route=\/wp\/v2\/users\/3"}],"replies":[{"embeddable":true,"href":"https:\/\/archivio.cercoiltuovolto.it\/index.php?rest_route=%2Fwp%2Fv2%2Fcomments&post=228300"}],"version-history":[{"count":0,"href":"https:\/\/archivio.cercoiltuovolto.it\/index.php?rest_route=\/wp\/v2\/posts\/228300\/revisions"}],"wp:attachment":[{"href":"https:\/\/archivio.cercoiltuovolto.it\/index.php?rest_route=%2Fwp%2Fv2%2Fmedia&parent=228300"}],"wp:term":[{"taxonomy":"category","embeddable":true,"href":"https:\/\/archivio.cercoiltuovolto.it\/index.php?rest_route=%2Fwp%2Fv2%2Fcategories&post=228300"},{"taxonomy":"post_tag","embeddable":true,"href":"https:\/\/archivio.cercoiltuovolto.it\/index.php?rest_route=%2Fwp%2Fv2%2Ftags&post=228300"}],"curies":[{"name":"wp","href":"https:\/\/api.w.org\/{rel}","templated":true}]}}