{"id":228289,"date":"2009-05-10T08:00:55","date_gmt":"2009-05-10T08:00:55","guid":{"rendered":"https:\/\/archivio.cercoiltuovolto.it\/?p=228289"},"modified":"2009-05-10T08:00:55","modified_gmt":"2009-05-10T08:00:55","slug":"langelo-mi-disse-autobiografia-di-maria-1","status":"publish","type":"post","link":"https:\/\/archivio.cercoiltuovolto.it\/?p=228289","title":{"rendered":"L&#8217;Angelo mi disse, autobiografia di Maria (1)"},"content":{"rendered":"<p>Primo incontro dell&#8217;adattamento radiofonico del volume del Cardinale Angelo Comastri a cura di Radio Vaticana.<\/p>\n<p>[display_podcast]<\/p>\n<p><br class=\"spacer_\" \/><\/p>\n<h2>Informazioni sul libro<\/h2>\n<p style=\"text-align: justify;\"><img loading=\"lazy\" decoding=\"async\" class=\"alignleft size-full wp-image-5119\" title=\"Copertina del libro\" src=\"http:\/\/www.cercoiltuovolto.it\/\/wp-content\/uploads\/2009\/05\/angelo-mi-disse-autobiografia-di-maria.jpg\" alt=\"Copertina del libro\" width=\"130\" height=\"200\" \/><\/p>\n<p style=\"text-align: justify;\">Per la prima volta Maria racconta in prima persona ci\u00f2 che soltanto Lei pu\u00f2 sapere.<br \/>\n E soltanto un narratore e maestro spirituale come Angelo Comastri pu\u00f2 avere l\u2019ardire di mettersi nei panni della Madre per eccellenza e raccontare con dolcezza e realismo, i sentimenti forti vissuti da Maria in alcuni momenti fondamentali della sua esistenza: dall\u2019annunciazione alla presentazione al tempio, con l\u2019episodio emozionante della nascita di Ges\u00f9 (1\u00b0 parte); gli eventi della vita pubblica di Ges\u00f9, dalle nozze di Cana alla Crocifissione (2\u00b0 parte); le grandi apparizioni di Maria a Lourdes e a Fatima (3\u00b0 parte).<br \/>\n Un racconto pienamente riuscito che appassiona il lettore e lo coinvolge in modo convincente nella vicenda di Maria e della sua Chiesa oggi.<br \/>\n Angelo Comastri, arciprete della basilica di San Pietro a Roma e Vicario generale di Sua Santit\u00e0 Benedetto XVI per la Citt\u00e0 del Vaticano, \u00e8 autore di numerosi volumi di spiritualit\u00e0, liturgia e meditazione. Predicatore profondo e ispirato, sa trasmettere il messaggio cristiano con passione e convinzione. Presso le Edizioni San Paolo ha pubblicato Dov\u2019\u00e8 il tuo Dio? (2004), La firma di Dio (2004), Come andremo a finire? (2004), Dio \u00e8 amore (2005), Non uccidere la libert\u00e0 (2005), Nel buio brillano le stelle (2005), Prepara la culla: \u00e8 Natale (2005), Prega e sarai felice! (2006). Via della croce e del cristiano (2007).<\/p>\n<p style=\"text-align: justify;\">\u00a0<\/p>\n<ul>\n<li>Titolo\u00a0L&#8217;angelo mi disse. Autobiografia di Maria<\/li>\n<li>Autore<a href=\"http:\/\/www.libreriadelsanto.it\/libri_di\/autore\/Comastri_Angelo\/page1.html\">\u00a0<\/a><a href=\"http:\/\/www.libreriadelsanto.it\/libri_di\/autore\/Comastri_Angelo\/page1.html\">Comastri Angelo<\/a><\/li>\n<li>Editore\u00a0<a href=\"http:\/\/www.libreriadelsanto.it\/libri_di\/editore\/San_Paolo_Multimedia\/page1.html\">San Paolo Multimedia<\/a><\/li>\n<li>EAN\u00a09788821559778<\/li>\n<li>Prezzo\u00a013,00 \u20ac\u00a0<\/li>\n<li>Pagine\u00a0132<\/li>\n<li>Data\u00a0settembre 2007<\/li>\n<li>Peso\u00a0345 grammi<\/li>\n<li>Collana\u00a0Religione<\/li>\n<\/ul>\n<p style=\"text-align: justify;\"><a href=\"http:\/\/www.libreriadelsanto.it\/libri_di\/autore\/Comastri_Angelo\/page1.html\"><\/a><\/p>\n<p style=\"text-align: justify;\"><a href=\"http:\/\/www.libreriadelsanto.it\/libri_di\/editore\/San_Paolo_Multimedia\/page1.html\"><\/a><\/p>\n<p class=\"acquista-paragrafo\" style=\"text-align: justify;\"><a href=\"http:\/\/www.libreriadelsanto.it\/libri\/9788821559778\/langelo-mi-disse-autobiografia-di-maria.html\" target=\"_blank\">Acquista il libro su <strong>Libreria del Santo<\/strong><\/a><\/p>\n<p><br class=\"spacer_\" \/><\/p>\n","protected":false},"excerpt":{"rendered":"<p>Primo incontro dell&#8217;adattamento radiofonico del volume del Cardinale Angelo Comastri a cura di Radio Vaticana. [display_podcast] Informazioni sul libro Per la prima volta Maria racconta in prima persona ci\u00f2 che soltanto Lei pu\u00f2 sapere. E soltanto un narratore e maestro spirituale come Angelo Comastri pu\u00f2 avere l\u2019ardire di mettersi nei panni della Madre per eccellenza&#8230;<\/p>\n","protected":false},"author":3,"featured_media":0,"comment_status":"closed","ping_status":"closed","sticky":false,"template":"","format":"standard","meta":{"_kad_post_transparent":"","_kad_post_title":"","_kad_post_layout":"","_kad_post_sidebar_id":"","_kad_post_content_style":"","_kad_post_vertical_padding":"","_kad_post_feature":"","_kad_post_feature_position":"","_kad_post_header":false,"_kad_post_footer":false,"_kad_post_classname":"","footnotes":""},"categories":[99,4],"tags":[17,195,27],"class_list":["post-228289","post","type-post","status-publish","format-standard","hentry","category-99","category-audio-cattolici","tag-libri","tag-maria","tag-radio-vaticana"],"_links":{"self":[{"href":"https:\/\/archivio.cercoiltuovolto.it\/index.php?rest_route=\/wp\/v2\/posts\/228289","targetHints":{"allow":["GET"]}}],"collection":[{"href":"https:\/\/archivio.cercoiltuovolto.it\/index.php?rest_route=\/wp\/v2\/posts"}],"about":[{"href":"https:\/\/archivio.cercoiltuovolto.it\/index.php?rest_route=\/wp\/v2\/types\/post"}],"author":[{"embeddable":true,"href":"https:\/\/archivio.cercoiltuovolto.it\/index.php?rest_route=\/wp\/v2\/users\/3"}],"replies":[{"embeddable":true,"href":"https:\/\/archivio.cercoiltuovolto.it\/index.php?rest_route=%2Fwp%2Fv2%2Fcomments&post=228289"}],"version-history":[{"count":0,"href":"https:\/\/archivio.cercoiltuovolto.it\/index.php?rest_route=\/wp\/v2\/posts\/228289\/revisions"}],"wp:attachment":[{"href":"https:\/\/archivio.cercoiltuovolto.it\/index.php?rest_route=%2Fwp%2Fv2%2Fmedia&parent=228289"}],"wp:term":[{"taxonomy":"category","embeddable":true,"href":"https:\/\/archivio.cercoiltuovolto.it\/index.php?rest_route=%2Fwp%2Fv2%2Fcategories&post=228289"},{"taxonomy":"post_tag","embeddable":true,"href":"https:\/\/archivio.cercoiltuovolto.it\/index.php?rest_route=%2Fwp%2Fv2%2Ftags&post=228289"}],"curies":[{"name":"wp","href":"https:\/\/api.w.org\/{rel}","templated":true}]}}