{"id":228287,"date":"2009-05-10T07:00:05","date_gmt":"2009-05-10T07:00:05","guid":{"rendered":"https:\/\/archivio.cercoiltuovolto.it\/?p=228287"},"modified":"2009-05-10T07:00:05","modified_gmt":"2009-05-10T07:00:05","slug":"angeli-e-uomini","status":"publish","type":"post","link":"https:\/\/archivio.cercoiltuovolto.it\/?p=228287","title":{"rendered":"&#8220;Angeli e Uomini&#8221;"},"content":{"rendered":"<p style=\"text-align: justify;\"><img loading=\"lazy\" decoding=\"async\" class=\"alignleft size-full wp-image-5073\" title=\"Copertina del libro\" src=\"http:\/\/www.cercoiltuovolto.it\/\/wp-content\/uploads\/2009\/05\/152-chalier-100-dpi.jpg\" alt=\"Copertina del libro\" width=\"122\" height=\"210\" \/>Nella nostra societ\u00e0, scettica e disincantata, gli angeli continuano ad affascinare. Essere invisibili e vicini all\u2019uomo, creature di Dio che rivelano la Sua presenza, essi fanno vibrare il nostro mondo all\u2019unisono con una realt\u00e0 pi\u00f9 alta. Si trovano in tutte le tradizioni monoteistiche, ma \u00e8 nella Bibbia ebraica che rivelano innanzitutto il loro volto misterioso e familiare. Catherine Chalier ne rivisita i grandi episodi \u2013 gli ospiti di Abramo, la voce del roveto ardente, ma anche colui che lott\u00f2 con Giacobbe o l\u2019accusatore di Giobbe. Oltre la loro apparente diversit\u00e0, ciascuno di questi episodi illumina l\u2019uomo su se stesso e sul senso della sua finitezza. Dall\u2019angelo annunciatore all\u2019angelo distruttore, sono tutte figure che ci introducono al faccia a faccia con l\u2019Altro divino.<br \/>\n La Chalier ci offre una molteplicit\u00e0 di letture, razionaliste, etiche o mistiche, che vanno dai saggi del Talmud a Filone Alessandrino fino a Maimonide, lo Zohar e i maestri chassidici, guidandoci in questo viaggio attraverso la tradizione ebraica sulle tracce degli angeli.\u00a0<\/p>\n<p style=\"text-align: justify;\"><em>UPDATE DEL 09\/06\/2009 &#8211; Intervento dell&#8217;autrice alla trasmissione Uomini e Profeti di radio Rai 3; scarica iil file <\/em><a href=\"http:\/\/www.radio.rai.it\/podcast\/A0043165.mp3\"><em>mp3<\/em><\/a><em> oppure .<\/em><a href=\"http:\/\/www.radio.rai.it\/radio3\/uomini_profeti\/archivio_2009\/audio\/uomini_profeti2009_06_07.ram\"><em>ram<\/em><\/a><\/p>\n<p style=\"text-align: justify; \">[display_podcast]<br \/>\n <span style=\"font-size: xx-small;\"><em>ATTENZIONE: Nel podcast \u00e8 presente anche l&#8217;intervento di\u00a0Benedetta Calzavara, responsabile della Divisione Grandi Mostre d&#8217;Arte al Vittoriano, che parla della mostra &#8220;Giotto e il Trecento&#8221;. Infine un servizio sul Musical &#8220;Lady Oscar&#8221;, in scena al Sistina, che chiude la trasmissione.<\/em><\/span>\u00a0<\/p>\n<h3>Informazioni utili<\/h3>\n<ul>\n<li><strong>Titolo<\/strong> Angeli e Uomini<\/li>\n<li><strong>Autore\u00a0<a href=\"http:\/\/www.ibs.it\/libri\/Chalier+Catherine\/libri.html?shop=3462\" target=\"_blank\"><strong>Chalier Catherine<\/strong><\/a><\/strong><\/li>\n<li><strong>Prezzo <\/strong>\u20ac 16,00<\/li>\n<li><strong>Dati <\/strong>2009, 242 p.<\/li>\n<li><strong>Editore\u00a0<a href=\"http:\/\/www.ibs.it\/ser\/serpge.asp?Type=ExactPublisher&amp;Search=La+Giuntina?shop=3462\" target=\"_blank\"><strong>La Giuntina<\/strong><\/a>\u00a0 (collana\u00a0<a href=\"http:\/\/www.ibs.it\/ser\/serpge.asp?Type=EXACTSERIES&amp;Search=Schulim+Vogelmann&amp;publisher=La+Giuntina?shop=3462\" target=\"_blank\"><strong>Schulim Vogelmann<\/strong><\/a>)<\/strong><\/li>\n<\/ul>\n<p class=\"acquista-paragrafo\"><a href=\"http:\/\/www.ibs.it\/code\/9788880573197\/chalier-catherine\/angeli-uomini.html?shop=3462\" target=\"_blank\">Acquista il libro<\/a> su IBS<\/p>\n","protected":false},"excerpt":{"rendered":"<p>Nella nostra societ\u00e0, scettica e disincantata, gli angeli continuano ad affascinare. Essere invisibili e vicini all\u2019uomo, creature di Dio che rivelano la Sua presenza, essi fanno vibrare il nostro mondo all\u2019unisono con una realt\u00e0 pi\u00f9 alta. Si trovano in tutte le tradizioni monoteistiche, ma \u00e8 nella Bibbia ebraica che rivelano innanzitutto il loro volto misterioso&#8230;<\/p>\n","protected":false},"author":3,"featured_media":0,"comment_status":"closed","ping_status":"closed","sticky":false,"template":"","format":"standard","meta":{"_kad_post_transparent":"","_kad_post_title":"","_kad_post_layout":"","_kad_post_sidebar_id":"","_kad_post_content_style":"","_kad_post_vertical_padding":"","_kad_post_feature":"","_kad_post_feature_position":"","_kad_post_header":false,"_kad_post_footer":false,"_kad_post_classname":"","footnotes":""},"categories":[99,3],"tags":[17,27],"class_list":["post-228287","post","type-post","status-publish","format-standard","hentry","category-99","category-libri","tag-libri","tag-radio-vaticana"],"_links":{"self":[{"href":"https:\/\/archivio.cercoiltuovolto.it\/index.php?rest_route=\/wp\/v2\/posts\/228287","targetHints":{"allow":["GET"]}}],"collection":[{"href":"https:\/\/archivio.cercoiltuovolto.it\/index.php?rest_route=\/wp\/v2\/posts"}],"about":[{"href":"https:\/\/archivio.cercoiltuovolto.it\/index.php?rest_route=\/wp\/v2\/types\/post"}],"author":[{"embeddable":true,"href":"https:\/\/archivio.cercoiltuovolto.it\/index.php?rest_route=\/wp\/v2\/users\/3"}],"replies":[{"embeddable":true,"href":"https:\/\/archivio.cercoiltuovolto.it\/index.php?rest_route=%2Fwp%2Fv2%2Fcomments&post=228287"}],"version-history":[{"count":0,"href":"https:\/\/archivio.cercoiltuovolto.it\/index.php?rest_route=\/wp\/v2\/posts\/228287\/revisions"}],"wp:attachment":[{"href":"https:\/\/archivio.cercoiltuovolto.it\/index.php?rest_route=%2Fwp%2Fv2%2Fmedia&parent=228287"}],"wp:term":[{"taxonomy":"category","embeddable":true,"href":"https:\/\/archivio.cercoiltuovolto.it\/index.php?rest_route=%2Fwp%2Fv2%2Fcategories&post=228287"},{"taxonomy":"post_tag","embeddable":true,"href":"https:\/\/archivio.cercoiltuovolto.it\/index.php?rest_route=%2Fwp%2Fv2%2Ftags&post=228287"}],"curies":[{"name":"wp","href":"https:\/\/api.w.org\/{rel}","templated":true}]}}