{"id":228283,"date":"2009-05-09T07:37:51","date_gmt":"2009-05-09T07:37:51","guid":{"rendered":"https:\/\/archivio.cercoiltuovolto.it\/?p=228283"},"modified":"2009-05-09T07:37:51","modified_gmt":"2009-05-09T07:37:51","slug":"il-cammino-delle-beatitudini-enzo-bianchi","status":"publish","type":"post","link":"https:\/\/archivio.cercoiltuovolto.it\/?p=228283","title":{"rendered":"Il cammino delle Beatitudini &#8211; Enzo Bianchi"},"content":{"rendered":"<p style=\"text-align: justify;\"><a rel=\"lightbox\" href=\"http:\/\/www.cercoiltuovolto.it\/\/wp-content\/uploads\/2009\/05\/cammino-beatitudini.jpg\"><img loading=\"lazy\" decoding=\"async\" class=\"alignleft size-medium wp-image-5091\" title=\"Copertina del cd\" src=\"http:\/\/www.cercoiltuovolto.it\/\/wp-content\/uploads\/2009\/05\/cammino-beatitudini-294x300.jpg\" alt=\"Copertina del cd\" width=\"294\" height=\"300\" \/><\/a> Nella societ\u00e0 attuale, in cui si \u00e8 eclissata <strong>la ricerca del senso<\/strong>, \u00e8 diventato pi\u00f9 difficile soprattutto per le nuove generazioni dare senso a quelle realt\u00e0 che costituiscono la propria vita: il lavoro, il vivere insieme nella polis, i rapporti di amore. In questa situazione i cristiani sono chiamati a mostrare che <strong>l\u2019esistenza cristiana \u00e8 una vita non solo \u201cbuona\u201d ma anche \u201cbella e capace di beatitudine\u201d<\/strong>. Tuttavia, la <strong>felicit\u00e0<\/strong> che Ges\u00f9 intravede \u00e8 <strong>\u201caltra\u201d<\/strong> da quelle che sembrano vincenti nel mondo, e scaturisce dalla consapevolezza di una vita spesa nell\u2019amore e nella comunione: dimensioni che se da un lato ci indicano <strong>la via di Ges\u00f9 Cristo<\/strong>, dall\u2019altro ci possono condurre a fare della nostra esistenza un\u2019opera d\u2019arte, e della convivenza sociale uno spazio di giustizia, di fraternit\u00e0 e di pace. \u00c8 il<strong> messaggio<\/strong> <strong>al cuore delle<\/strong> <strong>Beatitudini<\/strong>, di cui fr. Enzo Bianchi propone un commento esegetico-spirituale.<\/p>\n<blockquote>\n<p style=\"text-align: justify;\">In questo doppio CD \u00e8 contenuta la registrazione del primo incontro del ciclo \u201cIl cammino delle Beatitudini\u201d tenuto da fr. Enzo Bianchi a Bose il 19 aprile 2009.<\/p>\n<\/blockquote>\n<p style=\"text-align: justify;\">[display_podcast]<\/p>\n<p style=\"text-align: justify;\">\u00a0<\/p>\n<p class=\"acquista-paragrafo\" style=\"text-align: justify;\"><a href=\"http:\/\/www.monasterodibose.it\/index.php\/component\/page,shop.product_details\/flypage,shop.flypage\/product_id,855\/option,com_virtuemart\/Itemid,373\/lang,it\/\" target=\"_blank\">Acquista i 2 cd a 12,00\u20ac<\/a><\/p>\n","protected":false},"excerpt":{"rendered":"<p>Nella societ\u00e0 attuale, in cui si \u00e8 eclissata la ricerca del senso, \u00e8 diventato pi\u00f9 difficile soprattutto per le nuove generazioni dare senso a quelle realt\u00e0 che costituiscono la propria vita: il lavoro, il vivere insieme nella polis, i rapporti di amore. In questa situazione i cristiani sono chiamati a mostrare che l\u2019esistenza cristiana \u00e8&#8230;<\/p>\n","protected":false},"author":3,"featured_media":0,"comment_status":"closed","ping_status":"closed","sticky":false,"template":"","format":"standard","meta":{"_kad_post_transparent":"","_kad_post_title":"","_kad_post_layout":"","_kad_post_sidebar_id":"","_kad_post_content_style":"","_kad_post_vertical_padding":"","_kad_post_feature":"","_kad_post_feature_position":"","_kad_post_header":false,"_kad_post_footer":false,"_kad_post_classname":"","footnotes":""},"categories":[99,4],"tags":[117,78],"class_list":["post-228283","post","type-post","status-publish","format-standard","hentry","category-99","category-audio-cattolici","tag-incontri","tag-monasteri"],"_links":{"self":[{"href":"https:\/\/archivio.cercoiltuovolto.it\/index.php?rest_route=\/wp\/v2\/posts\/228283","targetHints":{"allow":["GET"]}}],"collection":[{"href":"https:\/\/archivio.cercoiltuovolto.it\/index.php?rest_route=\/wp\/v2\/posts"}],"about":[{"href":"https:\/\/archivio.cercoiltuovolto.it\/index.php?rest_route=\/wp\/v2\/types\/post"}],"author":[{"embeddable":true,"href":"https:\/\/archivio.cercoiltuovolto.it\/index.php?rest_route=\/wp\/v2\/users\/3"}],"replies":[{"embeddable":true,"href":"https:\/\/archivio.cercoiltuovolto.it\/index.php?rest_route=%2Fwp%2Fv2%2Fcomments&post=228283"}],"version-history":[{"count":0,"href":"https:\/\/archivio.cercoiltuovolto.it\/index.php?rest_route=\/wp\/v2\/posts\/228283\/revisions"}],"wp:attachment":[{"href":"https:\/\/archivio.cercoiltuovolto.it\/index.php?rest_route=%2Fwp%2Fv2%2Fmedia&parent=228283"}],"wp:term":[{"taxonomy":"category","embeddable":true,"href":"https:\/\/archivio.cercoiltuovolto.it\/index.php?rest_route=%2Fwp%2Fv2%2Fcategories&post=228283"},{"taxonomy":"post_tag","embeddable":true,"href":"https:\/\/archivio.cercoiltuovolto.it\/index.php?rest_route=%2Fwp%2Fv2%2Ftags&post=228283"}],"curies":[{"name":"wp","href":"https:\/\/api.w.org\/{rel}","templated":true}]}}