{"id":228249,"date":"2009-05-03T07:00:43","date_gmt":"2009-05-03T07:00:43","guid":{"rendered":"https:\/\/archivio.cercoiltuovolto.it\/?p=228249"},"modified":"2009-05-03T07:00:43","modified_gmt":"2009-05-03T07:00:43","slug":"radio-3-in-festival-2009","status":"publish","type":"post","link":"https:\/\/archivio.cercoiltuovolto.it\/?p=228249","title":{"rendered":"Radio 3 In Festival 2009"},"content":{"rendered":"<p style=\"text-align: justify;\"><img loading=\"lazy\" decoding=\"async\" class=\"aligncenter size-full wp-image-4875\" title=\"Banner della manifestazione\" src=\"http:\/\/www.cercoiltuovolto.it\/\/wp-content\/uploads\/2009\/04\/radio-3-in-festival.jpg\" alt=\"Banner della manifestazione\" width=\"602\" height=\"87\" \/><\/p>\n<blockquote>\n<p style=\"text-align: justify;\">Questo \u00e8 il terzo anno che <a href=\"http:\/\/www.radio.rai.it\/radio3\/infestival2009\/\" target=\"_blank\">Radio3 presenta a Cervia il suo Infestival<\/a>. Gi\u00e0 l\u2019essere arrivati alla terza edizione costituisce di per s\u00e9 un successo. Ancora di pi\u00f9 lo \u00e8 se si considerano i materiali poveri con i quali viene costruito il nostro incontro con gli ascoltatori di Radio3. <br \/>\n Quello che accade una volta l\u2019anno in un fine settimana non nasce e muore in quel momento. Al contrario, \u00e8 un passaggio, certo qualificato, di un\u2019esperienza che viene da quello che abbiamo fatto in passato e guarda a quello che ci auguriamo di riuscire a fare nel futuro.(&#8230;<a href=\"http:\/\/www.radio.rai.it\/radio3\/infestival2009\/\" target=\"_blank\">continua<\/a>&#8230;)<\/p>\n<\/blockquote>\n<h3>Puntata del 18 aprile<\/h3>\n<p style=\"text-align: justify;\"><a href=\"http:\/\/www.radio.rai.it\/radio3\/uomini_profeti\/view.cfm?Q_EV_ID=282790\" target=\"_blank\"><strong><span class=\"bianco\">&#8220;Anche voi siete stati stranieri&#8221; &#8211; Incontro con Moni Ovadia<\/span><\/strong><\/a><\/p>\n<p style=\"text-align: justify;\"><span class=\"normale\"> Gabriella Caramore a colloquio con il grande uomo di teatro in una personale lettura e rielaborazione delle scritture, lontano dai dogmi e dalle idolatrie. Una riflessione sull&#8217;ospitalit\u00e0 nella tradizione ebraica, cristiana e musulmana, e sulla condizione dello straniero oggi, nella nostra societ\u00e0.<\/span><\/p>\n<p class=\"download\">Download: <a href=\"http:\/\/www.radio.rai.it\/podcast\/A0041054.mp3\">Mp3<\/a>|Mirror &#8211; <a href=\"http:\/\/www.radio.rai.it\/radio3\/uomini_profeti\/archivio_2009\/audio\/uomini_profeti2009_04_18.ram\">Ram<\/a> (Real audio media)<\/p>\n<h3>Puntata del 19 aprile<\/h3>\n<p style=\"text-align: justify;\"><a href=\"http:\/\/www.radio.rai.it\/radio3\/uomini_profeti\/view.cfm?Q_EV_ID=282791\" target=\"_blank\"><strong>&#8220;Dentro la polis: conflitti, decisioni e speranze, tra teologia e politica&#8217;. Incontro con Massimo Cacciari<\/strong><\/a><\/p>\n<p style=\"text-align: justify;\">Oggi il termine &#8220;secolarizzazione&#8221; appare inadeguato, superato. <br \/>\n Come ripensare la secolarizzazione? Come \u00e8 possibile rileggere, alla luce di una esegesi che tenga conto della complessit\u00e0 del presente, il &#8220;date a Cesare quel che \u00e8 di Cesare, a Dio quel che \u00e8 di Dio&#8221; dei vangeli sinottici? La lettura che vede semplicemente una distinzione delle due sfere non \u00e8 troppo semplicistica? Quali letture sono state date dalla tradizione della chiesa? Che cosa si deve dare, secondo le parole di Ges\u00f9, a Cesare? E che cosa a Dio? Quale tensione si crea tra i due &#8220;soggetti&#8221;? \u00c8 sostenibile questa tensione? <br \/>\n \u00c8 in grado la chiesa di oggi di sostenerla? Dove pu\u00f2 portare la forma di religione civile che ha assunto oggi la chiesa? Quale \u00e8 la situazione nella quale si trova oggi la chiesa? E Al di l\u00e0 della chiesa, a che cosa \u00e8 chiamato il cristiano che vuole prendere sul serio le parole di Ges\u00f9?<\/p>\n<p class=\"download\">Download: <a href=\"http:\/\/www.radio.rai.it\/podcast\/A0041053.mp3\">Mp3<\/a>|Mirror &#8211; <a href=\"http:\/\/www.radio.rai.it\/radio3\/uomini_profeti\/archivio_2009\/audio\/uomini_profeti2009_04_19.ram\">Ram<\/a> (Real audio media)<\/p>\n<h3>Ascolta on-line<\/h3><\/p>\n","protected":false},"excerpt":{"rendered":"<p>Questo \u00e8 il terzo anno che Radio3 presenta a Cervia il suo Infestival. Gi\u00e0 l\u2019essere arrivati alla terza edizione costituisce di per s\u00e9 un successo. Ancora di pi\u00f9 lo \u00e8 se si considerano i materiali poveri con i quali viene costruito il nostro incontro con gli ascoltatori di Radio3. Quello che accade una volta l\u2019anno&#8230;<\/p>\n","protected":false},"author":3,"featured_media":0,"comment_status":"closed","ping_status":"closed","sticky":false,"template":"","format":"standard","meta":{"_kad_post_transparent":"","_kad_post_title":"","_kad_post_layout":"","_kad_post_sidebar_id":"","_kad_post_content_style":"","_kad_post_vertical_padding":"","_kad_post_feature":"","_kad_post_feature_position":"","_kad_post_header":false,"_kad_post_footer":false,"_kad_post_classname":"","footnotes":""},"categories":[99,4],"tags":[154,31,84],"class_list":["post-228249","post","type-post","status-publish","format-standard","hentry","category-99","category-audio-cattolici","tag-iniziative","tag-radio-nel-web","tag-religioni"],"_links":{"self":[{"href":"https:\/\/archivio.cercoiltuovolto.it\/index.php?rest_route=\/wp\/v2\/posts\/228249","targetHints":{"allow":["GET"]}}],"collection":[{"href":"https:\/\/archivio.cercoiltuovolto.it\/index.php?rest_route=\/wp\/v2\/posts"}],"about":[{"href":"https:\/\/archivio.cercoiltuovolto.it\/index.php?rest_route=\/wp\/v2\/types\/post"}],"author":[{"embeddable":true,"href":"https:\/\/archivio.cercoiltuovolto.it\/index.php?rest_route=\/wp\/v2\/users\/3"}],"replies":[{"embeddable":true,"href":"https:\/\/archivio.cercoiltuovolto.it\/index.php?rest_route=%2Fwp%2Fv2%2Fcomments&post=228249"}],"version-history":[{"count":0,"href":"https:\/\/archivio.cercoiltuovolto.it\/index.php?rest_route=\/wp\/v2\/posts\/228249\/revisions"}],"wp:attachment":[{"href":"https:\/\/archivio.cercoiltuovolto.it\/index.php?rest_route=%2Fwp%2Fv2%2Fmedia&parent=228249"}],"wp:term":[{"taxonomy":"category","embeddable":true,"href":"https:\/\/archivio.cercoiltuovolto.it\/index.php?rest_route=%2Fwp%2Fv2%2Fcategories&post=228249"},{"taxonomy":"post_tag","embeddable":true,"href":"https:\/\/archivio.cercoiltuovolto.it\/index.php?rest_route=%2Fwp%2Fv2%2Ftags&post=228249"}],"curies":[{"name":"wp","href":"https:\/\/api.w.org\/{rel}","templated":true}]}}