{"id":228231,"date":"2009-04-28T07:45:04","date_gmt":"2009-04-28T07:45:04","guid":{"rendered":"https:\/\/archivio.cercoiltuovolto.it\/?p=228231"},"modified":"2009-04-28T07:45:04","modified_gmt":"2009-04-28T07:45:04","slug":"mendicanti-di-bellezza","status":"publish","type":"post","link":"https:\/\/archivio.cercoiltuovolto.it\/?p=228231","title":{"rendered":"Mendicanti di bellezza"},"content":{"rendered":"<p style=\"text-align: justify;\"><em><a rel=\"lightbox\" href=\"http:\/\/www.cercoiltuovolto.it\/\/wp-content\/uploads\/2009\/04\/qbcrx1jincrm.jpg\"><img loading=\"lazy\" decoding=\"async\" class=\"alignleft size-medium wp-image-4865\" title=\"Copertina del libro\" src=\"http:\/\/www.cercoiltuovolto.it\/\/wp-content\/uploads\/2009\/04\/qbcrx1jincrm-216x300.jpg\" alt=\"Copertina del libro\" width=\"130\" height=\"180\" \/><\/a>Un non credente e una monaca a confronto sulla vita<\/em><\/p>\n<p style=\"text-align: justify;\">I due autori, una monaca di clausura e un giornalista ateo, prendono le mosse dai dipinti di noti artisti contemporanei per raccontarsi le loro storie e riflettere su di esse con uno sguardo laico verso il cielo, l&#8217;eterno, l&#8217;assoluto. L&#8217;arte e la bellezza diventano cos\u00ec il terreno di incontro per un dialogo possibile, alla ricerca della verit\u00e0. Un libro illustrato, di grande effetto, con le riproduzioni a colori di celebri capolavori dell&#8217;arte. In appendice una sezione biografica sugli artisti citati: Bak, Boccioni, Bosch, Bruegel, Casorati, Dal\u00ec, Daumier, De Chirico, Fetting, Van Gogh, Kandinskij, Klimt, Magritte, Matisse, Picasso, Vermeer.<\/p>\n<blockquote>\n<h2><span class=\"tcorpotesto\">Intervento radio<\/span><\/h2>\n<p style=\"text-align: justify;\">Ci\u00f2 che pu\u00f2 unire gli uomini \u00e8 una profonda lealt\u00e0 con la propria umanit\u00e0 e con le domande del proprio cuore. Si chiude cos\u00ec l&#8217;introduzione al libro Mendicanti di Bellezza, edito dalla San Paolo e scritto da un non credente e da una suora di clausura. A 105 Live i due autori, Fabio Cavallari e Maria Gloria Riva, dimostrano come in realt\u00e0 &#8220;pensiero laico&#8221; e &#8220;pensiero cattolico&#8221; coltivino obiettivi comuni.<\/p>\n<\/blockquote>\n<p>[display_podcast]<\/p>\n<p><br class=\"spacer_\" \/><\/p>\n<h3>Informazioni utili<\/h3>\n<ul>\n<li><strong>Titolo <\/strong>Mendicanti di bellezza &#8211; <span>Un non credente e una monaca a confronto sulla vita<\/span><\/li>\n<li><strong>Autore <\/strong>Maria Gloria Riva,  Fabio Cavallari<\/li>\n<li><strong>Prezzo <\/strong>\u20ac 22,00<\/li>\n<li><strong>Dati <\/strong>2009, 160 p.<\/li>\n<li><strong>Editore <\/strong>San Paolo Edizioni<span class=\"tcorpotesto\"> <\/span><\/li>\n<\/ul>\n<p class=\"acquista-paragrafo\"><a href=\"http:\/\/www.libreriadelsanto.it\/libri\/9788821564864\/mendicanti-di-bellezza.html\" target=\"_blank\">Acquista il libro<\/a><\/p>\n","protected":false},"excerpt":{"rendered":"<p>Un non credente e una monaca a confronto sulla vita I due autori, una monaca di clausura e un giornalista ateo, prendono le mosse dai dipinti di noti artisti contemporanei per raccontarsi le loro storie e riflettere su di esse con uno sguardo laico verso il cielo, l&#8217;eterno, l&#8217;assoluto. L&#8217;arte e la bellezza diventano cos\u00ec&#8230;<\/p>\n","protected":false},"author":3,"featured_media":0,"comment_status":"closed","ping_status":"closed","sticky":false,"template":"","format":"standard","meta":{"_kad_post_transparent":"","_kad_post_title":"","_kad_post_layout":"","_kad_post_sidebar_id":"","_kad_post_content_style":"","_kad_post_vertical_padding":"","_kad_post_feature":"","_kad_post_feature_position":"","_kad_post_header":false,"_kad_post_footer":false,"_kad_post_classname":"","footnotes":""},"categories":[99,3],"tags":[17,89],"class_list":["post-228231","post","type-post","status-publish","format-standard","hentry","category-99","category-libri","tag-libri","tag-vita"],"_links":{"self":[{"href":"https:\/\/archivio.cercoiltuovolto.it\/index.php?rest_route=\/wp\/v2\/posts\/228231","targetHints":{"allow":["GET"]}}],"collection":[{"href":"https:\/\/archivio.cercoiltuovolto.it\/index.php?rest_route=\/wp\/v2\/posts"}],"about":[{"href":"https:\/\/archivio.cercoiltuovolto.it\/index.php?rest_route=\/wp\/v2\/types\/post"}],"author":[{"embeddable":true,"href":"https:\/\/archivio.cercoiltuovolto.it\/index.php?rest_route=\/wp\/v2\/users\/3"}],"replies":[{"embeddable":true,"href":"https:\/\/archivio.cercoiltuovolto.it\/index.php?rest_route=%2Fwp%2Fv2%2Fcomments&post=228231"}],"version-history":[{"count":0,"href":"https:\/\/archivio.cercoiltuovolto.it\/index.php?rest_route=\/wp\/v2\/posts\/228231\/revisions"}],"wp:attachment":[{"href":"https:\/\/archivio.cercoiltuovolto.it\/index.php?rest_route=%2Fwp%2Fv2%2Fmedia&parent=228231"}],"wp:term":[{"taxonomy":"category","embeddable":true,"href":"https:\/\/archivio.cercoiltuovolto.it\/index.php?rest_route=%2Fwp%2Fv2%2Fcategories&post=228231"},{"taxonomy":"post_tag","embeddable":true,"href":"https:\/\/archivio.cercoiltuovolto.it\/index.php?rest_route=%2Fwp%2Fv2%2Ftags&post=228231"}],"curies":[{"name":"wp","href":"https:\/\/api.w.org\/{rel}","templated":true}]}}