{"id":228212,"date":"2009-04-22T06:45:46","date_gmt":"2009-04-22T06:45:46","guid":{"rendered":"https:\/\/archivio.cercoiltuovolto.it\/?p=228212"},"modified":"2009-04-22T06:45:46","modified_gmt":"2009-04-22T06:45:46","slug":"commento-al-vangelo-domenica-26-aprile-2009-bellanotizia","status":"publish","type":"post","link":"https:\/\/archivio.cercoiltuovolto.it\/?p=228212","title":{"rendered":"Commento al Vangelo &#8211; Domenica 26 aprile 2009 &#8211; Bellanotizia"},"content":{"rendered":"<p style=\"text-align: justify;\">Questa \u00e8 una rielaborazione <strong>audio\/video<\/strong> sulle letture della Messa di:<strong><em> DOMENICA 26 aprile 2009 &#8211; III DOMENICA DI QUARESIMA <\/em><\/strong>(Anno B) a cura di <a href=\"http:\/\/www.bellanotizia.it\" target=\"_blank\">Antonio Di Lieto<\/a>.   Il titolo della Messa, che unifica tutte le letture, secondo l&#8217;autore \u00e8: <strong>Sono Vivo !<\/strong><\/p>\n<p style=\"text-align: justify;\">[audio:http:\/\/www.bellanotizia.it\/Materiali\/2009%20ANNO%20B\/27_III_PAS_sonovivo\/MP3_-_26_Apr_09_-_Sono_vivo_!-.mp3]<\/p>\n<p style=\"text-align: justify;\"><a href=\"http:\/\/www.bellanotizia.it\/Materiali\/2009%20ANNO%20B\/27_III_PAS_sonovivo\/MP3_-_26_Apr_09_-_Sono_vivo_!-.mp3\">Download file mp3<\/a><\/p>\n<p style=\"text-align: justify;\">[display_podcast]<\/p>\n<p style=\"text-align: justify;\">\u00a0<\/p>\n<h3 style=\"text-align: left;\">Commento alle Letture<\/h3>\n<h4 style=\"text-align: justify;\">PRIMA LETTURA (dagli Atti degli Apostoli 3,13-15.17-19)<\/h4>\n<p style=\"text-align: justify;\">Rivolgendosi alla gente di Gerusalemme, Pietro esclam\u00f2 con grande coraggio: &#8220;Quel Ges\u00f9 che voi avete crocifisso, ora \u00c8 VIVO: il Dio dei nostri antenati, lo ha fatto risorgere dalla morte! Voi lo avete consegnato a Pilato e, visto che lui voleva liberarlo, avete insistito affinch\u00e9 lo uccidesse. E cos\u00ec avete chiesto la grazia per Barabba, un assassino, e la morte per Ges\u00f9: l&#8217;autore della VITA. Ma Dio lo ha fatto risorgere. Noi ne siamo testimoni: perch\u00e8 l&#8217;abbiamo visto VIVO con i nostri occhi! Ora fratelli, io so che voi ed i vostri capi l&#8217;avete ucciso solo per ignoranza: perch\u00e9 non lo avevate riconosciuto (cosa che tral&#8217;altro era prevista dalle Scritture). Ma ora che sapete che Lui \u00e8 il Cristo, non perdete altro tempo: convertitevi e cambiate vita. Buttatevi nelle Sue braccia e Lui vi perdoner\u00e0 di cuore: perch\u00e8 \u00c8 VIVO !&#8221;.<\/p>\n<h4 style=\"text-align: justify;\">SALMO RESPONSORIALE (Salmo 4,2.4.7.9)<\/h4>\n<p style=\"text-align: justify;\">Signore, fai brillare su di noi il tuo sorriso. Quando ti chiamo Signore, rispondimi. Intervieni, tu che sei il Dio della giustizia. Tu che hai compassione di me, ascolta la mia preghiera. Quante volte nell&#8217;angoscia mi hai dato sollievo! Sappiatelo tutti: il Signore fa prodigi per quelli che hanno fiducia in Lui, perch\u00e8 ascolta sempre quelli che lo invocano. Molti dicono sfiduciati: &#8220;Non accade pi\u00f9 nulla di buono: il Signore non fa pi\u00f9 brillare su di noi il Suo sorriso!&#8221;. Io invece in pace mi corico e fiducioso mi addormento, perch\u00e9 so che il Signore \u00e8 sempre al mio fianco: VIVO e presente !<\/p>\n<h4>SECONDA LETTURA (dalla prima lettera di Giovanni 2,1-5a)<\/h4>\n<p style=\"text-align: justify;\">Figli miei, cercate di non compiere il male. Se poi qualcuno cade nel peccato non dimentichi che ha un grande difensore presso il Padre: quel Ges\u00f9 Cristo che pur essendo senza colpe, si \u00e8 offerto di pagare Lui per i peccati nostri. E non solo per i nostri, ma per quelli di tutta l&#8217;umanit\u00e0! Come facciamo a sapere, se veramente lo stiamo seguendo? Semplice: se amiamo il prossimo come Lui ci ha comandato. Chi infatti dice: &#8220;Io amo Ges\u00f9 Cristo&#8221; ma poi non ama il prossimo, non sta osservando i Suoi comandamenti: \u00e8 un bugiardo che non dice la verit\u00e0. Per amare Dio in modo perfetto quindi, bisogna amare gli uomini: perch\u00e8 Dio \u00e8 VIVO e presente, nei fratelli che ci vivono accanto !<\/p>\n<h4 style=\"text-align: justify;\"><a rel=\"lightbox\" href=\"http:\/\/www.cercoiltuovolto.it\/\/wp-content\/uploads\/2009\/04\/jesus_before_his_ascention.jpg\"><img loading=\"lazy\" decoding=\"async\" class=\"alignleft size-medium wp-image-4768\" title=\"Ges\u00f9 prima della sua ascensione\" src=\"http:\/\/www.cercoiltuovolto.it\/\/wp-content\/uploads\/2009\/04\/jesus_before_his_ascention-246x300.jpg\" alt=\"Ges\u00f9 prima della sua ascensione\" width=\"246\" height=\"300\" \/><\/a>VANGELO (Luca 24,35-48)<\/h4>\n<p style=\"text-align: justify;\">Era la domenica di Pasqua. I due discepoli di \u00c8mmaus stavano raccontando agli apostoli che, mentre tornavano tristi al loro paese, sulla strada verso \u00c8mmaus avevano incontrato Ges\u00f9: VIVO. E che lo avevano riconosciuto solo pi\u00f9 tardi a cena: quando ha spezzato il pane, nel modo in cui era solito fare con i suoi discepoli.<\/p>\n<p style=\"text-align: justify;\">Mentre raccontavano queste cose, d&#8217;improvviso Ges\u00f9 in persona apparve VIVO in mezzo a loro. E li salut\u00f2 dicendo: &#8220;Pace e serenit\u00e0 a tutti voi!&#8221;. Tutti erano profondamente impauriti e sconvolti: credevano di vedere un fantasma. Ges\u00f9 allora esclam\u00f2: &#8220;Di chi avete paura? E perch\u00e9 avete ancora dubbi? Non vedete? Sui piedi e sulle mani ho ancora i segni dei chiodi: sono proprio io, quello che hanno crocifisso pochi giorni fa. Guardate e toccate bene il mio corpo: i fantasmi non hanno certo carne ed ossa come li ho io!&#8221;.<\/p>\n<p style=\"text-align: justify;\">I discepoli sentirono una grande gioia, ma erano ancora increduli e meravigliati. Ges\u00f9 allora disse: &#8220;Datemi qualcosa da mangiare &#8230;&#8221;. Gli diedero una porzione di pesce arrostito, che Lui prese e mangi\u00f2 davanti a tutti. E cos\u00ec si convinsero che non era un fantasma fatto di aria, ma era proprio Lui: in carne ed ossa!<\/p>\n<p style=\"text-align: justify;\">Disse poi Ges\u00f9: &#8220;Ricordate cosa vi avevo detto quando ero con voi? Che le cose scritte nella Bibbia, si sarebbero realizzate in me? La Bibbia non dice: \u00abIl Giusto soffre molto: ma dopo tre giorni Dio lo fa risorgere\u00bb? Per questo ora andate e predicate nel mio nome il pentimento ed il perdono dei peccati: cominciando da Gerusalemme, in tutto il mondo. Siate miei testimoni: annunciate all&#8217;umanit\u00e0 intera che Io SONO VIVO !&#8221;.<\/p>\n<p style=\"text-align: justify;\">\u00a0<\/p>\n<p style=\"text-align: justify;\"><span class=\"morebis\"><img loading=\"lazy\" decoding=\"async\" style=\"border: 0pt none; vertical-align: middle;\" title=\"Link\" src=\"http:\/\/www.cercoiltuovolto.it\/\/images\/web.png\" alt=\"Link\" width=\"24\" height=\"24\" \/> <\/span><strong>Sul sito<\/strong> <a href=\"http:\/\/www.bellanotizia.it\/\" target=\"_blank\">http:\/\/www.bellanotizia.it<\/a> puoi scaricare tante altre &#8220;bellenotizie&#8221;, anche in forma di registrazione-audio e presentazione-video, oltre a diversi miei articoli, scritti, corrispondenze-mail ed ipotesi innovative.<br \/>\n <img loading=\"lazy\" decoding=\"async\" style=\"border: 0pt none; vertical-align: middle;\" title=\"Note\" src=\"http:\/\/www.cercoiltuovolto.it\/\/images\/notes.png\" alt=\"Note\" width=\"24\" height=\"24\" \/> <strong>Note<\/strong>: L&#8217;autore precisa che, anche se la lettura di queste bellenotizie aiuta a comprendere la prima parte della Messa (Liturgia della Parola), non potr\u00e0 mai sostituire la seconda parte (Liturgia eucaristica), in cui ci viene data la possibilit\u00e0 di &#8220;abbracciare&#8221; veramente il Corpo di Cristo.<\/p>\n","protected":false},"excerpt":{"rendered":"<p>Questa \u00e8 una rielaborazione audio\/video sulle letture della Messa di: DOMENICA 26 aprile 2009 &#8211; III DOMENICA DI QUARESIMA (Anno B) a cura di Antonio Di Lieto. Il titolo della Messa, che unifica tutte le letture, secondo l&#8217;autore \u00e8: Sono Vivo ! [audio:http:\/\/www.bellanotizia.it\/Materiali\/2009%20ANNO%20B\/27_III_PAS_sonovivo\/MP3_-_26_Apr_09_-_Sono_vivo_!-.mp3] Download file mp3 [display_podcast] \u00a0 Commento alle Letture PRIMA LETTURA (dagli Atti&#8230;<\/p>\n","protected":false},"author":3,"featured_media":0,"comment_status":"closed","ping_status":"closed","sticky":false,"template":"","format":"standard","meta":{"_kad_post_transparent":"","_kad_post_title":"","_kad_post_layout":"","_kad_post_sidebar_id":"","_kad_post_content_style":"","_kad_post_vertical_padding":"","_kad_post_feature":"","_kad_post_feature_position":"","_kad_post_header":false,"_kad_post_footer":false,"_kad_post_classname":"","footnotes":""},"categories":[99,4],"tags":[34,5,192],"class_list":["post-228212","post","type-post","status-publish","format-standard","hentry","category-99","category-audio-cattolici","tag-bella-notizia","tag-commento-al-vangelo","tag-pasqua"],"_links":{"self":[{"href":"https:\/\/archivio.cercoiltuovolto.it\/index.php?rest_route=\/wp\/v2\/posts\/228212","targetHints":{"allow":["GET"]}}],"collection":[{"href":"https:\/\/archivio.cercoiltuovolto.it\/index.php?rest_route=\/wp\/v2\/posts"}],"about":[{"href":"https:\/\/archivio.cercoiltuovolto.it\/index.php?rest_route=\/wp\/v2\/types\/post"}],"author":[{"embeddable":true,"href":"https:\/\/archivio.cercoiltuovolto.it\/index.php?rest_route=\/wp\/v2\/users\/3"}],"replies":[{"embeddable":true,"href":"https:\/\/archivio.cercoiltuovolto.it\/index.php?rest_route=%2Fwp%2Fv2%2Fcomments&post=228212"}],"version-history":[{"count":0,"href":"https:\/\/archivio.cercoiltuovolto.it\/index.php?rest_route=\/wp\/v2\/posts\/228212\/revisions"}],"wp:attachment":[{"href":"https:\/\/archivio.cercoiltuovolto.it\/index.php?rest_route=%2Fwp%2Fv2%2Fmedia&parent=228212"}],"wp:term":[{"taxonomy":"category","embeddable":true,"href":"https:\/\/archivio.cercoiltuovolto.it\/index.php?rest_route=%2Fwp%2Fv2%2Fcategories&post=228212"},{"taxonomy":"post_tag","embeddable":true,"href":"https:\/\/archivio.cercoiltuovolto.it\/index.php?rest_route=%2Fwp%2Fv2%2Ftags&post=228212"}],"curies":[{"name":"wp","href":"https:\/\/api.w.org\/{rel}","templated":true}]}}