{"id":228193,"date":"2009-04-17T20:52:47","date_gmt":"2009-04-17T20:52:47","guid":{"rendered":"https:\/\/archivio.cercoiltuovolto.it\/?p=228193"},"modified":"2009-04-17T20:52:47","modified_gmt":"2009-04-17T20:52:47","slug":"lo-spirito-della-verita-biffi-giacomo","status":"publish","type":"post","link":"https:\/\/archivio.cercoiltuovolto.it\/?p=228193","title":{"rendered":"Lo spirito della verit\u00e0  &#8211; Biffi Giacomo"},"content":{"rendered":"<p style=\"text-align: justify;\"><em><img loading=\"lazy\" decoding=\"async\" class=\"alignleft size-full wp-image-4700\" title=\"Copertina del libro\" src=\"http:\/\/www.cercoiltuovolto.it\/\/wp-content\/uploads\/2009\/04\/lo-spirito-della-verita.jpeg\" alt=\"Copertina del libro\" width=\"200\" height=\"324\" \/>Veni creator Spiritus<\/em>. Con queste parole dell&#8217;\u00abinno sublime\u00bb Benedetto Croce esort\u00f2 l&#8217;Assemblea Costituente dell&#8217;Italia del 1947 a implorare l&#8217;azione dello Spirito Santo sul proprio lavoro. Era una proposta inattesa, perch\u00e9 proveniva da un laico. Ma era anche una proposta illuminata e felice, poich\u00e9 il tema dello spirito ha esercitato un grande fascino su diversi pensatori europei.<\/p>\n<p style=\"text-align: justify;\">Nel fatto cristiano, per\u00f2, lo Spirito non \u00e8 solo un&#8217;idea. \u00c8 una Persona divina. \u00c8 l&#8217;attore della divinizzazione dell&#8217;uomo. \u00c8 principio motore di una storia nuova e pi\u00f9 vera dell&#8217;universo, toccato dalla misericordia del suo Creatore. Per salvarsi dalla brevit\u00e0 della vita, dalla colpa, dalla morte, la \u00abfilosofia dello spirito\u00bb non serve. Occorre piuttosto lasciarsi inondare dallo Spirito di verit\u00e0, che \u00e8 lo Spirito di Cristo: perch\u00e9 solo quelli che sono guidati dallo Spirito di Dio, sono figli di Dio (Rm 8,14).<\/p>\n<p style=\"text-align: justify;\">Per volont\u00e0 di Dio lo Spirito continua, ancora oggi, a essere inviato tra i suoi discepoli. Nel suo disegno, la Pentecoste \u00e8 perenne e continua nella storia. Solo cos\u00ec lo Spirito compie la sola vera rivoluzione, sempre urgente e sempre in atto, capace di rigenerare ogni giorno la vicenda umana: la rivoluzione cristiana, il cammino di santit\u00e0 di ogni donna e di ogni uomo.<\/p>\n<p>[display_podcast]<\/p>\n<p><strong>Fonte del video<\/strong>: 12 Porte Bologna<\/p>\n<p><br class=\"spacer_\" \/><\/p>\n<h3>Informazioni utili<\/h3>\n<ul>\n<li>Titolo     Lo spirito della verit\u00e0<\/li>\n<li>Autore <a href=\"http:\/\/www.libreriadelsanto.it\/libri_di\/autore\/Biffi_Giacomo\/page1.html\">Biffi Giacomo<\/a><\/li>\n<li>Editore <a href=\"http:\/\/www.libreriadelsanto.it\/libri_di\/editore\/ESD_Edizioni_Studio_Domenicano\/page1.html\">ESD Edizioni Studio Domenicano<\/a><\/li>\n<li>EAN \t 9788870946840<\/li>\n<li>Prezzo \t 12,00 \u20ac<\/li>\n<li>Data         2009<\/li>\n<li>Peso         195 grammi<\/li>\n<li>Misure         11.5 x 19 cm<\/li>\n<li>Collana         Le frecce<\/li>\n<\/ul>\n<ul>\n<\/ul>\n<p class=\"acquista-paragrafo\"><a href=\"http:\/\/www.libreriadelsanto.it\/libri\/9788870946840\/lo-spirito-della-verita.html\" target=\"_blank\">Acquista il libro<\/a> su Libreria del Santo<\/p>\n","protected":false},"excerpt":{"rendered":"<p>Veni creator Spiritus. Con queste parole dell&#8217;\u00abinno sublime\u00bb Benedetto Croce esort\u00f2 l&#8217;Assemblea Costituente dell&#8217;Italia del 1947 a implorare l&#8217;azione dello Spirito Santo sul proprio lavoro. Era una proposta inattesa, perch\u00e9 proveniva da un laico. Ma era anche una proposta illuminata e felice, poich\u00e9 il tema dello spirito ha esercitato un grande fascino su diversi pensatori&#8230;<\/p>\n","protected":false},"author":3,"featured_media":0,"comment_status":"closed","ping_status":"closed","sticky":false,"template":"","format":"standard","meta":{"_kad_post_transparent":"","_kad_post_title":"","_kad_post_layout":"","_kad_post_sidebar_id":"","_kad_post_content_style":"","_kad_post_vertical_padding":"","_kad_post_feature":"","_kad_post_feature_position":"","_kad_post_header":false,"_kad_post_footer":false,"_kad_post_classname":"","footnotes":""},"categories":[99,3],"tags":[17],"class_list":["post-228193","post","type-post","status-publish","format-standard","hentry","category-99","category-libri","tag-libri"],"_links":{"self":[{"href":"https:\/\/archivio.cercoiltuovolto.it\/index.php?rest_route=\/wp\/v2\/posts\/228193","targetHints":{"allow":["GET"]}}],"collection":[{"href":"https:\/\/archivio.cercoiltuovolto.it\/index.php?rest_route=\/wp\/v2\/posts"}],"about":[{"href":"https:\/\/archivio.cercoiltuovolto.it\/index.php?rest_route=\/wp\/v2\/types\/post"}],"author":[{"embeddable":true,"href":"https:\/\/archivio.cercoiltuovolto.it\/index.php?rest_route=\/wp\/v2\/users\/3"}],"replies":[{"embeddable":true,"href":"https:\/\/archivio.cercoiltuovolto.it\/index.php?rest_route=%2Fwp%2Fv2%2Fcomments&post=228193"}],"version-history":[{"count":0,"href":"https:\/\/archivio.cercoiltuovolto.it\/index.php?rest_route=\/wp\/v2\/posts\/228193\/revisions"}],"wp:attachment":[{"href":"https:\/\/archivio.cercoiltuovolto.it\/index.php?rest_route=%2Fwp%2Fv2%2Fmedia&parent=228193"}],"wp:term":[{"taxonomy":"category","embeddable":true,"href":"https:\/\/archivio.cercoiltuovolto.it\/index.php?rest_route=%2Fwp%2Fv2%2Fcategories&post=228193"},{"taxonomy":"post_tag","embeddable":true,"href":"https:\/\/archivio.cercoiltuovolto.it\/index.php?rest_route=%2Fwp%2Fv2%2Ftags&post=228193"}],"curies":[{"name":"wp","href":"https:\/\/api.w.org\/{rel}","templated":true}]}}