{"id":228190,"date":"2009-04-18T07:00:13","date_gmt":"2009-04-18T07:00:13","guid":{"rendered":"https:\/\/archivio.cercoiltuovolto.it\/?p=228190"},"modified":"2009-04-18T07:00:13","modified_gmt":"2009-04-18T07:00:13","slug":"nuovo-cd-messa-dei-popoli","status":"publish","type":"post","link":"https:\/\/archivio.cercoiltuovolto.it\/?p=228190","title":{"rendered":"Nuovo CD &#8211; Messa dei Popoli"},"content":{"rendered":"<h3><span style=\"color: #800000;\">COMUNICATO STAMPA<\/span><\/h3>\n<p style=\"text-align: justify;\"><a rel=\"lightbox\" href=\"http:\/\/www.cercoiltuovolto.it\/\/wp-content\/uploads\/2009\/04\/messa_dei_popoli-_jpg-1.jpg\"><img loading=\"lazy\" decoding=\"async\" class=\"alignleft size-medium wp-image-4689\" title=\"Cover del CD\" src=\"http:\/\/www.cercoiltuovolto.it\/\/wp-content\/uploads\/2009\/04\/messa_dei_popoli-_jpg-1-300x297.jpg\" alt=\"Cover del CD\" width=\"300\" height=\"297\" \/><\/a>La \u201c<strong>MESSA dei POPOLI<\/strong>\u201d una nuova proposta musicale da SCALAMUSIC.<br \/>\n Nata per sensibilizzare con la musica e lo spettacolo la societ\u00e0 (in modo particolare il mondo giovanile) sulle questioni legate al fenomeno migratorio ed alle dinamiche interculturali contemporanee, l\u2019Associazione Scalamusic presenta il suo ultimo cd: la \u201cMessa dei Popoli\u201d, una raccolta di canti per esprimere l\u2019identit\u00e0 universale e missionaria della Chiesa.<br \/>\n L\u2019uomo di ogni tempo e di ogni cultura ha sempre celebrato, anche con il canto, i momenti importanti della sua vita e della storia per rinnovare una gioia, soffrire per un dolore, affermare una fede, ribadire l\u2019appartenenza ad un gruppo. Scalamusic si inserisce in questo contesto culturale e musicale, portando la sua esperienza e originalit\u00e0. Vuole essere uno strumento in pi\u00f9, semplice e diretto, per la promozione del carisma scalabriniano, per la diffusione di ideali e messaggi di accoglienza e rispetto della dignit\u00e0 del migrante. \u00c8 per questo che Scalamusic, dopo le produzioni precedenti (Per terre lontane e Come in Cielo \u2013 2005; Friendly Voice \u2013 2007), ha realizzato una serie di canti liturgici multilingue. La \u201cMessa dei Popoli\u201d (edita dalle Edizioni Paoline) \u00e8 un\u2019opera rivolta alle Parrocchie, sempre pi\u00f9 ricche di immigrati cattolici che frequentano le celebrazioni, ai gruppi, ai movimenti, e a quanti sono impegnati in questa grande realt\u00e0 di evangelizzazione. Un contributo alle celebrazioni delle varie comunit\u00e0 etniche (anglofone, francofone e di lingua spagnola) presenti ormai da tempo in tante citt\u00e0 e diocesi. Tredici canti in cinque lingue, per animare i vari momenti della Celebrazione eucaristica. Curati nella melodia e nel testo, sono stati composti pensando alle esigenze di ogni coro o comunit\u00e0. Pu\u00f2 essere utilizzata per animare incontri come le Feste dei Popoli, particolari iniziative di festa e di preghiera, gi\u00e0 tradizione di molte diocesi, volte a promuovere il valore dell\u2019accoglienza, dell\u2019unit\u00e0 della famiglia umana e della Chiesa; Giornate Mondiali delle Migrazioni; Giornate Missionarie e incontri di preghiera, frequentemente internazionali in queste occasioni.<br \/>\n Gli autori, missionari e giovani laici scalabriniani, sono: Fabio Baggio, Francesco Buttazzo, Gabriele Beltrami, Daniele Scarpa, Antonio Grasso, Enrico Selleri, Emma Maria Mannocchi.<br \/>\n Gli Autori e lo Staff di Scalamusic<\/p>\n<p style=\"text-align: justify;\">[display_podcast]<\/p>\n<p style=\"text-align: justify;\">\u00a0<\/p>\n<ul>\n<li>Per saperne di pi\u00f9 sull&#8217;ASSOCIAZIONE visita il sito : <a href=\"http:\/\/www.scalamusic.org\" target=\"_blank\">www.scalamusic.org<\/a> dove \u00e8 possibile anche guardare alcuni video ed ascoltare i brani dei cd gi\u00e0 prodotti<a href=\"http:\/\/www.scalamusic.org\" target=\"_blank\"><br \/>\n<\/a><\/li>\n<li>Per l\u2019acquisto dei cd scrivi alla nostra segreteria info@scalamusic.org oppure tramite il <a href=\"http:\/\/www.paoline.it\/SchedaProdottoEC.aspx?IdP=8019118022417-8019118034656\" target=\"_blank\">sito delle Paoline<\/a><\/li>\n<li>I COSTI DEI CD SONO: 10 \u20aca CD + SPESE POSTALI eccetto il CD MESSA DEI POPOLI IL CUI COSTO E\u2019 DI 15 \u20ac+ spese postali<\/li>\n<\/ul>\n<p style=\"text-align: justify;\">\u00a0<\/p>\n","protected":false},"excerpt":{"rendered":"<p>COMUNICATO STAMPA La \u201cMESSA dei POPOLI\u201d una nuova proposta musicale da SCALAMUSIC. Nata per sensibilizzare con la musica e lo spettacolo la societ\u00e0 (in modo particolare il mondo giovanile) sulle questioni legate al fenomeno migratorio ed alle dinamiche interculturali contemporanee, l\u2019Associazione Scalamusic presenta il suo ultimo cd: la \u201cMessa dei Popoli\u201d, una raccolta di canti&#8230;<\/p>\n","protected":false},"author":3,"featured_media":0,"comment_status":"closed","ping_status":"closed","sticky":false,"template":"","format":"standard","meta":{"_kad_post_transparent":"","_kad_post_title":"","_kad_post_layout":"","_kad_post_sidebar_id":"","_kad_post_content_style":"","_kad_post_vertical_padding":"","_kad_post_feature":"","_kad_post_feature_position":"","_kad_post_header":false,"_kad_post_footer":false,"_kad_post_classname":"","footnotes":""},"categories":[99,4],"tags":[154,38],"class_list":["post-228190","post","type-post","status-publish","format-standard","hentry","category-99","category-audio-cattolici","tag-iniziative","tag-musica-e-fede"],"_links":{"self":[{"href":"https:\/\/archivio.cercoiltuovolto.it\/index.php?rest_route=\/wp\/v2\/posts\/228190","targetHints":{"allow":["GET"]}}],"collection":[{"href":"https:\/\/archivio.cercoiltuovolto.it\/index.php?rest_route=\/wp\/v2\/posts"}],"about":[{"href":"https:\/\/archivio.cercoiltuovolto.it\/index.php?rest_route=\/wp\/v2\/types\/post"}],"author":[{"embeddable":true,"href":"https:\/\/archivio.cercoiltuovolto.it\/index.php?rest_route=\/wp\/v2\/users\/3"}],"replies":[{"embeddable":true,"href":"https:\/\/archivio.cercoiltuovolto.it\/index.php?rest_route=%2Fwp%2Fv2%2Fcomments&post=228190"}],"version-history":[{"count":0,"href":"https:\/\/archivio.cercoiltuovolto.it\/index.php?rest_route=\/wp\/v2\/posts\/228190\/revisions"}],"wp:attachment":[{"href":"https:\/\/archivio.cercoiltuovolto.it\/index.php?rest_route=%2Fwp%2Fv2%2Fmedia&parent=228190"}],"wp:term":[{"taxonomy":"category","embeddable":true,"href":"https:\/\/archivio.cercoiltuovolto.it\/index.php?rest_route=%2Fwp%2Fv2%2Fcategories&post=228190"},{"taxonomy":"post_tag","embeddable":true,"href":"https:\/\/archivio.cercoiltuovolto.it\/index.php?rest_route=%2Fwp%2Fv2%2Ftags&post=228190"}],"curies":[{"name":"wp","href":"https:\/\/api.w.org\/{rel}","templated":true}]}}