{"id":228150,"date":"2009-04-10T08:03:06","date_gmt":"2009-04-10T08:03:06","guid":{"rendered":"https:\/\/archivio.cercoiltuovolto.it\/?p=228150"},"modified":"2009-04-10T08:03:06","modified_gmt":"2009-04-10T08:03:06","slug":"video-vangelo-del-12042009-domenica-di-pasqua-risurrezione-del-signore","status":"publish","type":"post","link":"https:\/\/archivio.cercoiltuovolto.it\/?p=228150","title":{"rendered":"Video Vangelo del 12\/04\/2009 &#8211; Domenica di Pasqua &#8211; Risurrezione del Signore"},"content":{"rendered":"<p style=\"text-align: center;\"><img loading=\"lazy\" decoding=\"async\" style=\"border: 0px solid #000000; margin: 5px; width: 304px; height: 140px;\" title=\"Audiovisivi\" src=\"http:\/\/www.cercoiltuovolto.it\/\/images\/stories\/logo\/logo_testata_audiovisivi.jpg\" alt=\"Audiovisivi\" width=\"304\" height=\"140\" \/><\/p>\n<p style=\"text-align: left;\"><strong>Guarda il video della lettura del vangelo<\/strong> della settimana e le <strong>riflessioni <\/strong>affidate a diversi commentatori. <strong>Commento <\/strong>di mons Luciano Monari | <strong>Lettrice<\/strong> Elena Gianni<\/p>\n<p style=\"text-align: left;\">[display_podcast]<\/p>\n<p style=\"text-align: left;\">\u00a0<\/p>\n<blockquote>\n<p style=\"text-align: justify;\"><strong><a rel=\"lightbox\" href=\"http:\/\/www.cercoiltuovolto.it\/\/wp-content\/uploads\/2009\/04\/19-colrd-b-the-empty-tomb.jpg\"><img loading=\"lazy\" decoding=\"async\" class=\"alignleft size-medium wp-image-4562\" title=\"The Empty tomb\" src=\"http:\/\/www.cercoiltuovolto.it\/\/wp-content\/uploads\/2009\/04\/19-colrd-b-the-empty-tomb-253x300.jpg\" alt=\"The Empty tomb\" width=\"253\" height=\"300\" \/><\/a>DOMENICA DI PASQUA &#8211; RISURREZIONE DEL SIGNORE  (ANNO B)<\/strong><\/p>\n<p style=\"text-align: justify;\"><strong> Vangelo <\/strong>Gv 20,1-9<br \/>\n Egli doveva risuscitare dai morti.<\/p>\n<p style=\"text-align: justify;\"><strong>+Dal Vangelo secondo Giovanni <\/strong><br \/>\n Il primo giorno della settimana, Maria di M\u00e0gdala si rec\u00f2 al sepolcro di mattino, quando era ancora buio, e vide che la pietra era stata tolta dal sepolcro. <br \/>\n Corse allora e and\u00f2 da Simon Pietro e dall\u2019altro discepolo, quello che Ges\u00f9 amava, e disse loro: \u00abHanno portato via il Signore dal sepolcro e non sappiamo dove l\u2019hanno posto!\u00bb. <br \/>\n Pietro allora usc\u00ec insieme all\u2019altro discepolo e si recarono al sepolcro. Correvano insieme tutti e due, ma l\u2019altro discepolo corse pi\u00f9 veloce di Pietro e giunse per primo al sepolcro. Si chin\u00f2, vide i teli posati l\u00e0, ma non entr\u00f2. <br \/>\n Giunse intanto anche Simon Pietro, che lo seguiva, ed entr\u00f2 nel sepolcro e osserv\u00f2 i teli posati l\u00e0, e il sudario \u2013 che era stato sul suo capo \u2013 non posato l\u00e0 con i teli, ma avvolto in un luogo a parte. <br \/>\n Allora entr\u00f2 anche l\u2019altro discepolo, che era giunto per primo al sepolcro, e vide e credette. Infatti non avevano ancora compreso la Scrittura, che cio\u00e8 egli doveva risorgere dai morti.<\/p>\n<p>Parola del Signore<\/p>\n<\/blockquote>\n<p class=\"info\"><strong>Fonte del video<\/strong>: Centro Audiovisivi &#8211; La Buona Notizia<\/p>\n","protected":false},"excerpt":{"rendered":"<p>Guarda il video della lettura del vangelo della settimana e le riflessioni affidate a diversi commentatori. Commento di mons Luciano Monari | Lettrice Elena Gianni [display_podcast] \u00a0 DOMENICA DI PASQUA &#8211; RISURREZIONE DEL SIGNORE (ANNO B) Vangelo Gv 20,1-9 Egli doveva risuscitare dai morti. +Dal Vangelo secondo Giovanni Il primo giorno della settimana, Maria di&#8230;<\/p>\n","protected":false},"author":3,"featured_media":0,"comment_status":"closed","ping_status":"closed","sticky":false,"template":"","format":"standard","meta":{"_kad_post_transparent":"","_kad_post_title":"","_kad_post_layout":"","_kad_post_sidebar_id":"","_kad_post_content_style":"","_kad_post_vertical_padding":"","_kad_post_feature":"","_kad_post_feature_position":"","_kad_post_header":false,"_kad_post_footer":false,"_kad_post_classname":"","footnotes":""},"categories":[99,147],"tags":[42,192,172],"class_list":["post-228150","post","type-post","status-publish","format-standard","hentry","category-99","category-commento-al-vangelo","tag-lettura-del-vangelo","tag-pasqua","tag-vangelo-della-domenica"],"_links":{"self":[{"href":"https:\/\/archivio.cercoiltuovolto.it\/index.php?rest_route=\/wp\/v2\/posts\/228150","targetHints":{"allow":["GET"]}}],"collection":[{"href":"https:\/\/archivio.cercoiltuovolto.it\/index.php?rest_route=\/wp\/v2\/posts"}],"about":[{"href":"https:\/\/archivio.cercoiltuovolto.it\/index.php?rest_route=\/wp\/v2\/types\/post"}],"author":[{"embeddable":true,"href":"https:\/\/archivio.cercoiltuovolto.it\/index.php?rest_route=\/wp\/v2\/users\/3"}],"replies":[{"embeddable":true,"href":"https:\/\/archivio.cercoiltuovolto.it\/index.php?rest_route=%2Fwp%2Fv2%2Fcomments&post=228150"}],"version-history":[{"count":0,"href":"https:\/\/archivio.cercoiltuovolto.it\/index.php?rest_route=\/wp\/v2\/posts\/228150\/revisions"}],"wp:attachment":[{"href":"https:\/\/archivio.cercoiltuovolto.it\/index.php?rest_route=%2Fwp%2Fv2%2Fmedia&parent=228150"}],"wp:term":[{"taxonomy":"category","embeddable":true,"href":"https:\/\/archivio.cercoiltuovolto.it\/index.php?rest_route=%2Fwp%2Fv2%2Fcategories&post=228150"},{"taxonomy":"post_tag","embeddable":true,"href":"https:\/\/archivio.cercoiltuovolto.it\/index.php?rest_route=%2Fwp%2Fv2%2Ftags&post=228150"}],"curies":[{"name":"wp","href":"https:\/\/api.w.org\/{rel}","templated":true}]}}