{"id":228149,"date":"2009-04-09T21:17:56","date_gmt":"2009-04-09T21:17:56","guid":{"rendered":"https:\/\/archivio.cercoiltuovolto.it\/?p=228149"},"modified":"2009-04-09T21:17:56","modified_gmt":"2009-04-09T21:17:56","slug":"pasqua-2009-omelia-di-benedetto-xvi-per-la-messa-in-cena-domini-in-mp3","status":"publish","type":"post","link":"https:\/\/archivio.cercoiltuovolto.it\/?p=228149","title":{"rendered":"Pasqua 2009: Omelia di Benedetto XVI per la &#8220;Messa in Cena Domini&#8221; in mp3"},"content":{"rendered":"<p><strong>Quando:<\/strong> 9 aprile 2009 | <strong>Dove<\/strong>: Piazza San Pietro (Roma) |<strong> Durata<\/strong>: 00:19:54:50<\/p>\n<p style=\"text-align: justify;\">Cari fratelli e sorelle!<\/p>\n<p style=\"text-align: justify;\"><em>Qui, pridie quam pro nostra omniumque salute pateretur, hoc est hodie, accepit panem<\/em>: cos\u00ec diremo oggi nel Canone della Santa Messa. &#8220;<em>Hoc est hodie<\/em>&#8221; \u2013 la Liturgia del Gioved\u00ec Santo inserisce nel testo della preghiera la parola &#8220;oggi&#8221;, sottolineando con ci\u00f2 la dignit\u00e0 particolare di questa giornata. \u00c8 stato &#8220;oggi&#8221; che Egli l\u2019ha fatto: per sempre ha donato se stesso a noi nel Sacramento del suo Corpo e del suo Sangue. Questo &#8220;oggi&#8221; \u00e8 anzitutto il memoriale della Pasqua di allora. Tuttavia \u00e8 di pi\u00f9. Con il Canone entriamo in questo &#8220;oggi&#8221;. Il nostro oggi viene a contatto con il suo oggi. Egli fa questo adesso. Con la parola &#8220;oggi&#8221;, la Liturgia della Chiesa vuole indurci a porre grande attenzione interiore al mistero di questa giornata, alle parole in cui esso si esprime. Cerchiamo dunque di ascoltare in modo nuovo il racconto dell\u2019istituzione cos\u00ec come la Chiesa, in base alla Scrittura e contemplando il Signore stesso, lo ha formulato. [Leggi tutto il messaggio]<em> <span style=\"font-size: xx-small;\">\u00a9 Copyright 2008 &#8211; Libreria  Editrice Vaticana<\/span><\/em><\/p>\n<p>[display_podcast]<\/p>\n<p><br class=\"spacer_\" \/><\/p>\n<p style=\"text-align: left;\"><img loading=\"lazy\" decoding=\"async\" style=\"border: 0pt none; vertical-align: middle;\" title=\"Link\" src=\"http:\/\/www.cercoiltuovolto.it\/\/images\/web.png\" alt=\"Link\" width=\"24\" height=\"24\" \/> Fonte del podcast: <strong>Radio Vaticana<\/strong> via FeedRss | <strong>Foto<\/strong>: <a href=\"https:\/\/www.photo.va\" target=\"_blank\">Osservatore Romano<\/a><\/p>\n<p style=\"text-align: justify;\"><span style=\"font-size: xx-small;\"><em>(The content of this podcast is copyrighted by Vatican Radio which, according to  its statute, is entrusted to manage and protect the sound recordings of the  Roman Pontiff, ensuring that their pastoral character and intellectual  property&#8217;s rights are protected when used by third parties. The content of this  podcast is made available only for personal and private use and cannot be  exploited for commercial purposes, without prior written authorization by  Vatican Radio. For further information, please contact the International  Relation Office at relint@vatiradio.va)<\/em><\/span><\/p>\n","protected":false},"excerpt":{"rendered":"<p>Quando: 9 aprile 2009 | Dove: Piazza San Pietro (Roma) | Durata: 00:19:54:50 Cari fratelli e sorelle! Qui, pridie quam pro nostra omniumque salute pateretur, hoc est hodie, accepit panem: cos\u00ec diremo oggi nel Canone della Santa Messa. &#8220;Hoc est hodie&#8221; \u2013 la Liturgia del Gioved\u00ec Santo inserisce nel testo della preghiera la parola &#8220;oggi&#8221;,&#8230;<\/p>\n","protected":false},"author":3,"featured_media":0,"comment_status":"closed","ping_status":"closed","sticky":false,"template":"","format":"standard","meta":{"_kad_post_transparent":"","_kad_post_title":"","_kad_post_layout":"","_kad_post_sidebar_id":"","_kad_post_content_style":"","_kad_post_vertical_padding":"","_kad_post_feature":"","_kad_post_feature_position":"","_kad_post_header":false,"_kad_post_footer":false,"_kad_post_classname":"","footnotes":""},"categories":[99,4],"tags":[73,29],"class_list":["post-228149","post","type-post","status-publish","format-standard","hentry","category-99","category-audio-cattolici","tag-benedetto-xvi","tag-omelie"],"_links":{"self":[{"href":"https:\/\/archivio.cercoiltuovolto.it\/index.php?rest_route=\/wp\/v2\/posts\/228149","targetHints":{"allow":["GET"]}}],"collection":[{"href":"https:\/\/archivio.cercoiltuovolto.it\/index.php?rest_route=\/wp\/v2\/posts"}],"about":[{"href":"https:\/\/archivio.cercoiltuovolto.it\/index.php?rest_route=\/wp\/v2\/types\/post"}],"author":[{"embeddable":true,"href":"https:\/\/archivio.cercoiltuovolto.it\/index.php?rest_route=\/wp\/v2\/users\/3"}],"replies":[{"embeddable":true,"href":"https:\/\/archivio.cercoiltuovolto.it\/index.php?rest_route=%2Fwp%2Fv2%2Fcomments&post=228149"}],"version-history":[{"count":0,"href":"https:\/\/archivio.cercoiltuovolto.it\/index.php?rest_route=\/wp\/v2\/posts\/228149\/revisions"}],"wp:attachment":[{"href":"https:\/\/archivio.cercoiltuovolto.it\/index.php?rest_route=%2Fwp%2Fv2%2Fmedia&parent=228149"}],"wp:term":[{"taxonomy":"category","embeddable":true,"href":"https:\/\/archivio.cercoiltuovolto.it\/index.php?rest_route=%2Fwp%2Fv2%2Fcategories&post=228149"},{"taxonomy":"post_tag","embeddable":true,"href":"https:\/\/archivio.cercoiltuovolto.it\/index.php?rest_route=%2Fwp%2Fv2%2Ftags&post=228149"}],"curies":[{"name":"wp","href":"https:\/\/api.w.org\/{rel}","templated":true}]}}