{"id":228148,"date":"2009-04-09T21:13:44","date_gmt":"2009-04-09T21:13:44","guid":{"rendered":"https:\/\/archivio.cercoiltuovolto.it\/?p=228148"},"modified":"2009-04-09T21:13:44","modified_gmt":"2009-04-09T21:13:44","slug":"pasqua-2009-omelia-di-benedetto-xvi-per-la-messa-crismale-in-mp3","status":"publish","type":"post","link":"https:\/\/archivio.cercoiltuovolto.it\/?p=228148","title":{"rendered":"Pasqua 2009: Omelia di Benedetto XVI per la Messa Crismale in mp3 e video"},"content":{"rendered":"<p><strong>Quando: <\/strong> 09 aprile 2009 | <strong>Dove<\/strong>: Piazza San Pietro (Roma) |<strong> Durata<\/strong>:    00:22:17:83<\/p>\n<p style=\"text-align: justify;\">Cari fratelli e sorelle, <br \/>\n Nel Cenacolo, la sera prima della sua passione, il Signore ha pregato per i suoi discepoli riuniti intorno a Lui, guardando al contempo in avanti alla comunit\u00e0 dei discepoli di tutti i secoli, a &#8220;quelli che crederanno in me mediante la loro parola&#8221; (Gv 17, 20). Nella preghiera per i discepoli di tutti i tempi Egli ha visto anche noi e ha pregato per noi. Ascoltiamo, che cosa chiede per i Dodici e per noi qui riuniti: &#8220;Consacrali nella verit\u00e0. La tua parola \u00e8 verit\u00e0. Come tu hai mandato me nel mondo, anche io ho mandato loro nel mondo; per loro io consacro me stesso, perch\u00e9 siano anch\u2019essi consacrati nella verit\u00e0&#8221; (17, 17ss). Il Signore chiede la nostra santificazione, la santificazione nella verit\u00e0. E ci manda per continuare la sua stessa missione. Ma c\u2019\u00e8 in questa preghiera una parola che attira la nostra attenzione, ci sembra poco comprensibile. Ges\u00f9 dice: &#8220;Per loro io consacro me stesso&#8221;. Che cosa significa? Ges\u00f9 non \u00e8 forse di per s\u00e9 &#8220;il Santo di Dio&#8221;, come Pietro ha confessato nell\u2019ora decisiva a Cafarnao (cfr Gv 6, 69)? Come pu\u00f2 ora consacrare, cio\u00e8 santificare se stesso? [Leggi tutto il messaggio]<em> <span style=\"font-size: xx-small;\">\u00a9 Copyright 2008 &#8211; Libreria  Editrice Vaticana<\/span><\/em><\/p>\n<p>[display_podcast]<\/p>\n<p><br class=\"spacer_\" \/><\/p>\n<p style=\"text-align: left;\"><img loading=\"lazy\" decoding=\"async\" style=\"border: 0pt none; vertical-align: middle;\" title=\"Link\" src=\"http:\/\/www.cercoiltuovolto.it\/\/images\/web.png\" alt=\"Link\" width=\"24\" height=\"24\" \/> Fonte del podcast: <strong>Radio Vaticana<\/strong> via FeedRss | <strong>Foto<\/strong>: <a href=\"https:\/\/www.photo.va\" target=\"_blank\">Osservatore Romano<\/a><\/p>\n<p style=\"text-align: justify;\"><span style=\"font-size: xx-small;\"><em>(The content of this podcast is copyrighted by Vatican Radio which, according to  its statute, is entrusted to manage and protect the sound recordings of the  Roman Pontiff, ensuring that their pastoral character and intellectual  property&#8217;s rights are protected when used by third parties. The content of this  podcast is made available only for personal and private use and cannot be  exploited for commercial purposes, without prior written authorization by  Vatican Radio. For further information, please contact the International  Relation Office at relint@vatiradio.va)<\/em><\/span><\/p>\n","protected":false},"excerpt":{"rendered":"<p>Quando: 09 aprile 2009 | Dove: Piazza San Pietro (Roma) | Durata: 00:22:17:83 Cari fratelli e sorelle, Nel Cenacolo, la sera prima della sua passione, il Signore ha pregato per i suoi discepoli riuniti intorno a Lui, guardando al contempo in avanti alla comunit\u00e0 dei discepoli di tutti i secoli, a &#8220;quelli che crederanno in&#8230;<\/p>\n","protected":false},"author":3,"featured_media":0,"comment_status":"closed","ping_status":"closed","sticky":false,"template":"","format":"standard","meta":{"_kad_post_transparent":"","_kad_post_title":"","_kad_post_layout":"","_kad_post_sidebar_id":"","_kad_post_content_style":"","_kad_post_vertical_padding":"","_kad_post_feature":"","_kad_post_feature_position":"","_kad_post_header":false,"_kad_post_footer":false,"_kad_post_classname":"","footnotes":""},"categories":[99,4],"tags":[73,29],"class_list":["post-228148","post","type-post","status-publish","format-standard","hentry","category-99","category-audio-cattolici","tag-benedetto-xvi","tag-omelie"],"_links":{"self":[{"href":"https:\/\/archivio.cercoiltuovolto.it\/index.php?rest_route=\/wp\/v2\/posts\/228148","targetHints":{"allow":["GET"]}}],"collection":[{"href":"https:\/\/archivio.cercoiltuovolto.it\/index.php?rest_route=\/wp\/v2\/posts"}],"about":[{"href":"https:\/\/archivio.cercoiltuovolto.it\/index.php?rest_route=\/wp\/v2\/types\/post"}],"author":[{"embeddable":true,"href":"https:\/\/archivio.cercoiltuovolto.it\/index.php?rest_route=\/wp\/v2\/users\/3"}],"replies":[{"embeddable":true,"href":"https:\/\/archivio.cercoiltuovolto.it\/index.php?rest_route=%2Fwp%2Fv2%2Fcomments&post=228148"}],"version-history":[{"count":0,"href":"https:\/\/archivio.cercoiltuovolto.it\/index.php?rest_route=\/wp\/v2\/posts\/228148\/revisions"}],"wp:attachment":[{"href":"https:\/\/archivio.cercoiltuovolto.it\/index.php?rest_route=%2Fwp%2Fv2%2Fmedia&parent=228148"}],"wp:term":[{"taxonomy":"category","embeddable":true,"href":"https:\/\/archivio.cercoiltuovolto.it\/index.php?rest_route=%2Fwp%2Fv2%2Fcategories&post=228148"},{"taxonomy":"post_tag","embeddable":true,"href":"https:\/\/archivio.cercoiltuovolto.it\/index.php?rest_route=%2Fwp%2Fv2%2Ftags&post=228148"}],"curies":[{"name":"wp","href":"https:\/\/api.w.org\/{rel}","templated":true}]}}