{"id":228145,"date":"2009-04-09T06:41:33","date_gmt":"2009-04-09T06:41:33","guid":{"rendered":"https:\/\/archivio.cercoiltuovolto.it\/?p=228145"},"modified":"2009-04-09T06:41:33","modified_gmt":"2009-04-09T06:41:33","slug":"il-vangelo-del-giorno-09-aprile-2009","status":"publish","type":"post","link":"https:\/\/archivio.cercoiltuovolto.it\/?p=228145","title":{"rendered":"Il vangelo del giorno &#8211; 09 aprile 2009"},"content":{"rendered":"<p style=\"text-align: justify;\"><em><a rel=\"lightbox\" href=\"http:\/\/www.cercoiltuovolto.it\/\/wp-content\/uploads\/2009\/04\/20-vries-anne-de-le-lavement-des-pieds.jpg\"><img loading=\"lazy\" decoding=\"async\" class=\"alignleft size-thumbnail wp-image-4539\" title=\"Lavanda dei piedi - SCH\u00c4FER, Hermine F.  \" src=\"http:\/\/www.cercoiltuovolto.it\/\/wp-content\/uploads\/2009\/04\/20-vries-anne-de-le-lavement-des-pieds-75x75.jpg\" alt=\"Lavanda dei piedi - SCH\u00c4FER, Hermine F.  \" width=\"75\" height=\"75\" \/><\/a><\/em><em>Gv 13, 1-15<\/em><br \/>\n <em>Dal Vangelo secondo Giovanni<\/em><br \/>\n \u2021 Prima della festa di Pasqua Ges\u00f9, sapendo che era giunta la sua ora di passare da questo mondo al Padre, dopo aver amato i suoi che erano nel mondo, li am\u00f2 sino alla fine. <br \/>\n Mentre cenavano, quando gi\u00e0 il diavolo aveva messo in cuore a Giuda Iscariota, figlio di Simone, di tradirlo, Ges\u00f9 sapendo che il Padre gli aveva dato tutto nelle mani e che era venuto da Dio e a Dio ritornava, si alz\u00f2 da tavola, depose le vesti e, preso un asciugatoio, se lo cinse attorno alla vita. Poi vers\u00f2 dell\u2019acqua nel catino e cominci\u00f2 a lavare i piedi dei discepoli e ad asciugarli con l\u2019asciugatoio di cui si era cinto.<\/p>\n<\/p>\n<p style=\"text-align: justify;\">Venne dunque da Simon Pietro e questi gli disse: \u00abSignore, tu lavi i piedi a me?\u00bb . <br \/>\n Rispose Ges\u00f9: \u00abQuello che io faccio, tu ora non lo capisci, ma lo capirai dopo\u00bb . <br \/>\n Gli disse Simon Pietro: \u00abNon mi laverai mai i piedi!\u00bb . Gli rispose Ges\u00f9: \u00abSe non ti laver\u00f2, non avrai parte con me\u00bb . <br \/>\n Gli disse Simon Pietro: \u00abSignore, non solo i piedi, ma anche le mani e il capo!\u00bb . <br \/>\n Soggiunse Ges\u00f9: \u00abChi ha fatto il bagno, non ha bisogno di lavarsi se non i piedi ed \u00e8 tutto mondo; e voi siete mondi, ma non tutti\u00bb . Sapeva infatti chi lo tradiva; per questo disse: \u00abNon tutti siete mondi\u00bb . <br \/>\n Quando dunque ebbe lavato loro i piedi e riprese le vesti, sedette di nuovo e disse loro: \u00abSapete ci\u00f2 che vi ho fatto? Voi mi chiamate Maestro e Signore e dite bene, perch\u00e9 lo sono. Se dunque io, il Signore e il Maestro, ho lavato i vostri piedi, anche voi dovete lavarvi i piedi gli uni gli altri. <br \/>\n Vi ho dato infatti l\u2019esempio, perch\u00e9 come ho fatto io, facciate anche voi.<\/p>\n<p class=\"fonte\" style=\"text-align: justify;\">Fonte: Canto Nuovo<\/p>\n","protected":false},"excerpt":{"rendered":"<p>Gv 13, 1-15 Dal Vangelo secondo Giovanni \u2021 Prima della festa di Pasqua Ges\u00f9, sapendo che era giunta la sua ora di passare da questo mondo al Padre, dopo aver amato i suoi che erano nel mondo, li am\u00f2 sino alla fine. Mentre cenavano, quando gi\u00e0 il diavolo aveva messo in cuore a Giuda Iscariota,&#8230;<\/p>\n","protected":false},"author":3,"featured_media":0,"comment_status":"closed","ping_status":"closed","sticky":false,"template":"","format":"standard","meta":{"_kad_post_transparent":"","_kad_post_title":"","_kad_post_layout":"","_kad_post_sidebar_id":"","_kad_post_content_style":"","_kad_post_vertical_padding":"","_kad_post_feature":"","_kad_post_feature_position":"","_kad_post_header":false,"_kad_post_footer":false,"_kad_post_classname":"","footnotes":""},"categories":[99,147],"tags":[187,113],"class_list":["post-228145","post","type-post","status-publish","format-standard","hentry","category-99","category-commento-al-vangelo","tag-vangelo-del-giorno","tag-video"],"_links":{"self":[{"href":"https:\/\/archivio.cercoiltuovolto.it\/index.php?rest_route=\/wp\/v2\/posts\/228145","targetHints":{"allow":["GET"]}}],"collection":[{"href":"https:\/\/archivio.cercoiltuovolto.it\/index.php?rest_route=\/wp\/v2\/posts"}],"about":[{"href":"https:\/\/archivio.cercoiltuovolto.it\/index.php?rest_route=\/wp\/v2\/types\/post"}],"author":[{"embeddable":true,"href":"https:\/\/archivio.cercoiltuovolto.it\/index.php?rest_route=\/wp\/v2\/users\/3"}],"replies":[{"embeddable":true,"href":"https:\/\/archivio.cercoiltuovolto.it\/index.php?rest_route=%2Fwp%2Fv2%2Fcomments&post=228145"}],"version-history":[{"count":0,"href":"https:\/\/archivio.cercoiltuovolto.it\/index.php?rest_route=\/wp\/v2\/posts\/228145\/revisions"}],"wp:attachment":[{"href":"https:\/\/archivio.cercoiltuovolto.it\/index.php?rest_route=%2Fwp%2Fv2%2Fmedia&parent=228145"}],"wp:term":[{"taxonomy":"category","embeddable":true,"href":"https:\/\/archivio.cercoiltuovolto.it\/index.php?rest_route=%2Fwp%2Fv2%2Fcategories&post=228145"},{"taxonomy":"post_tag","embeddable":true,"href":"https:\/\/archivio.cercoiltuovolto.it\/index.php?rest_route=%2Fwp%2Fv2%2Ftags&post=228145"}],"curies":[{"name":"wp","href":"https:\/\/api.w.org\/{rel}","templated":true}]}}