{"id":228119,"date":"2009-04-07T07:00:24","date_gmt":"2009-04-07T07:00:24","guid":{"rendered":"https:\/\/archivio.cercoiltuovolto.it\/?p=228119"},"modified":"2009-04-07T07:00:24","modified_gmt":"2009-04-07T07:00:24","slug":"san-paolo-un-avventuriero-della-fede-dvd","status":"publish","type":"post","link":"https:\/\/archivio.cercoiltuovolto.it\/?p=228119","title":{"rendered":"(San) Paolo un avventuriero della fede &#8211; DVD"},"content":{"rendered":"<p style=\"text-align: justify;\"><a rel=\"lightbox\" href=\"http:\/\/www.cercoiltuovolto.it\/\/wp-content\/uploads\/2009\/04\/paolo-un-avventuriero-della-fede.jpg\"><img loading=\"lazy\" decoding=\"async\" class=\"alignleft size-full wp-image-4431\" title=\"Copertina del DVD\" src=\"http:\/\/www.cercoiltuovolto.it\/\/wp-content\/uploads\/2009\/04\/paolo-un-avventuriero-della-fede.jpg\" alt=\"Copertina del DVD\" width=\"278\" height=\"187\" \/><\/a>E&#8217; il titolo di un film d\u2019animazione che le Paoline di vari paesi e lingue, coordinate dal SIA (Segretariato Internazionale dell\u2019Apostolato), hanno doppiato per far conoscere a bambini e ragazzi la vita e la missione del grande Apostolo delle genti in questo anno a lui dedicato. Si tratta di una storia appassionante, piena di avventure, imprevisti, incontri.<\/p>\n<p style=\"text-align: justify;\">Il film, prodotto da CFRT (Comitato Francese Radio e Televisione), \u00e8 ora disponibile in inglese, francese, spagnolo, italiano e portoghese. Consta di otto episodi di 7 minuti ciascuno, per un totale di 56 minuti. <strong>Ogni episodio segue fedelmente il racconto degli Atti degli Apostoli<\/strong>.<\/p>\n<blockquote>\n<p style=\"text-align: justify;\">Le Paoline sono certe che questo film sedurr\u00e0 i bambini e risveglier\u00e0 la loro curiosit\u00e0, aiutandoli a scoprire un personaggio sorprendente, un uomo di fede e di coraggio, un missionario aperto a tutte le culture del suo tempo.<\/p>\n<\/blockquote>\n<p style=\"text-align: justify;\">\n<p class=\"acquista-paragrafo\" style=\"text-align: justify;\"><a href=\"http:\/\/www.paoline.it\/schedaProdottoEc.aspx?idp=8019118093189\" target=\"_blank\">Acquista il DVD<\/a><\/p>\n<p class=\"fonte\" style=\"text-align: justify;\">Fonte: Paoline<\/p>\n","protected":false},"excerpt":{"rendered":"<p>E&#8217; il titolo di un film d\u2019animazione che le Paoline di vari paesi e lingue, coordinate dal SIA (Segretariato Internazionale dell\u2019Apostolato), hanno doppiato per far conoscere a bambini e ragazzi la vita e la missione del grande Apostolo delle genti in questo anno a lui dedicato. Si tratta di una storia appassionante, piena di avventure,&#8230;<\/p>\n","protected":false},"author":3,"featured_media":0,"comment_status":"closed","ping_status":"closed","sticky":false,"template":"","format":"standard","meta":{"_kad_post_transparent":"","_kad_post_title":"","_kad_post_layout":"","_kad_post_sidebar_id":"","_kad_post_content_style":"","_kad_post_vertical_padding":"","_kad_post_feature":"","_kad_post_feature_position":"","_kad_post_header":false,"_kad_post_footer":false,"_kad_post_classname":"","footnotes":""},"categories":[99,133],"tags":[154,50,113],"class_list":["post-228119","post","type-post","status-publish","format-standard","hentry","category-99","category-film","tag-iniziative","tag-san-paolo","tag-video"],"_links":{"self":[{"href":"https:\/\/archivio.cercoiltuovolto.it\/index.php?rest_route=\/wp\/v2\/posts\/228119","targetHints":{"allow":["GET"]}}],"collection":[{"href":"https:\/\/archivio.cercoiltuovolto.it\/index.php?rest_route=\/wp\/v2\/posts"}],"about":[{"href":"https:\/\/archivio.cercoiltuovolto.it\/index.php?rest_route=\/wp\/v2\/types\/post"}],"author":[{"embeddable":true,"href":"https:\/\/archivio.cercoiltuovolto.it\/index.php?rest_route=\/wp\/v2\/users\/3"}],"replies":[{"embeddable":true,"href":"https:\/\/archivio.cercoiltuovolto.it\/index.php?rest_route=%2Fwp%2Fv2%2Fcomments&post=228119"}],"version-history":[{"count":0,"href":"https:\/\/archivio.cercoiltuovolto.it\/index.php?rest_route=\/wp\/v2\/posts\/228119\/revisions"}],"wp:attachment":[{"href":"https:\/\/archivio.cercoiltuovolto.it\/index.php?rest_route=%2Fwp%2Fv2%2Fmedia&parent=228119"}],"wp:term":[{"taxonomy":"category","embeddable":true,"href":"https:\/\/archivio.cercoiltuovolto.it\/index.php?rest_route=%2Fwp%2Fv2%2Fcategories&post=228119"},{"taxonomy":"post_tag","embeddable":true,"href":"https:\/\/archivio.cercoiltuovolto.it\/index.php?rest_route=%2Fwp%2Fv2%2Ftags&post=228119"}],"curies":[{"name":"wp","href":"https:\/\/api.w.org\/{rel}","templated":true}]}}