{"id":228051,"date":"2009-03-18T09:01:47","date_gmt":"2009-03-18T09:01:47","guid":{"rendered":"https:\/\/archivio.cercoiltuovolto.it\/?p=228051"},"modified":"2009-03-18T09:01:47","modified_gmt":"2009-03-18T09:01:47","slug":"il-vangelo-del-giorno-180309","status":"publish","type":"post","link":"https:\/\/archivio.cercoiltuovolto.it\/?p=228051","title":{"rendered":"Il Vangelo del giorno &#8211; 18\/03\/09"},"content":{"rendered":"<p style=\"text-align: justify;\"><em>Dal Vangelo secondo Matteo<\/em><br \/>\n In quel tempo, Ges\u00f9 disse ai suoi discepoli: \u201cNon pensate che io sia venuto ad abolire la Legge o i Profeti; non son venuto per abolire, ma per dare compimento. In verit\u00e0 vi dico: finch\u00e9 non siano passati il cielo e la terra, non passer\u00e0 dalla legge neppure un iota o un segno senza che tutto sia compiuto. Chi dunque trasgredir\u00e0 uno solo di questi precetti, anche minimi, e insegner\u00e0 agli uomini a fare altrettanto, sar\u00e0 considerato minimo nel regno dei cieli. Chi invece li osserver\u00e0 e li insegner\u00e0 agli uomini, sar\u00e0 considerato grande nel regno dei cieli\u201d.<\/p>\n<p style=\"text-align: center;\">\n<p class=\"fonte\" style=\"text-align: justify;\">Fonte: Canto Nuovo<\/p>\n","protected":false},"excerpt":{"rendered":"<p>Dal Vangelo secondo Matteo In quel tempo, Ges\u00f9 disse ai suoi discepoli: \u201cNon pensate che io sia venuto ad abolire la Legge o i Profeti; non son venuto per abolire, ma per dare compimento. In verit\u00e0 vi dico: finch\u00e9 non siano passati il cielo e la terra, non passer\u00e0 dalla legge neppure un iota o&#8230;<\/p>\n","protected":false},"author":3,"featured_media":0,"comment_status":"closed","ping_status":"closed","sticky":false,"template":"","format":"standard","meta":{"_kad_post_transparent":"","_kad_post_title":"","_kad_post_layout":"","_kad_post_sidebar_id":"","_kad_post_content_style":"","_kad_post_vertical_padding":"","_kad_post_feature":"","_kad_post_feature_position":"","_kad_post_header":false,"_kad_post_footer":false,"_kad_post_classname":"","footnotes":""},"categories":[99,147],"tags":[187,113],"class_list":["post-228051","post","type-post","status-publish","format-standard","hentry","category-99","category-commento-al-vangelo","tag-vangelo-del-giorno","tag-video"],"_links":{"self":[{"href":"https:\/\/archivio.cercoiltuovolto.it\/index.php?rest_route=\/wp\/v2\/posts\/228051","targetHints":{"allow":["GET"]}}],"collection":[{"href":"https:\/\/archivio.cercoiltuovolto.it\/index.php?rest_route=\/wp\/v2\/posts"}],"about":[{"href":"https:\/\/archivio.cercoiltuovolto.it\/index.php?rest_route=\/wp\/v2\/types\/post"}],"author":[{"embeddable":true,"href":"https:\/\/archivio.cercoiltuovolto.it\/index.php?rest_route=\/wp\/v2\/users\/3"}],"replies":[{"embeddable":true,"href":"https:\/\/archivio.cercoiltuovolto.it\/index.php?rest_route=%2Fwp%2Fv2%2Fcomments&post=228051"}],"version-history":[{"count":0,"href":"https:\/\/archivio.cercoiltuovolto.it\/index.php?rest_route=\/wp\/v2\/posts\/228051\/revisions"}],"wp:attachment":[{"href":"https:\/\/archivio.cercoiltuovolto.it\/index.php?rest_route=%2Fwp%2Fv2%2Fmedia&parent=228051"}],"wp:term":[{"taxonomy":"category","embeddable":true,"href":"https:\/\/archivio.cercoiltuovolto.it\/index.php?rest_route=%2Fwp%2Fv2%2Fcategories&post=228051"},{"taxonomy":"post_tag","embeddable":true,"href":"https:\/\/archivio.cercoiltuovolto.it\/index.php?rest_route=%2Fwp%2Fv2%2Ftags&post=228051"}],"curies":[{"name":"wp","href":"https:\/\/api.w.org\/{rel}","templated":true}]}}