{"id":228044,"date":"2009-03-17T07:10:33","date_gmt":"2009-03-17T07:10:33","guid":{"rendered":"https:\/\/archivio.cercoiltuovolto.it\/?p=228044"},"modified":"2009-03-17T07:10:33","modified_gmt":"2009-03-17T07:10:33","slug":"lo-spirito-santo-nella-creazione-e-nella-trasformazione-del-cosmo","status":"publish","type":"post","link":"https:\/\/archivio.cercoiltuovolto.it\/?p=228044","title":{"rendered":"Lo Spirito Santo, nella creazione e nella trasformazione del cosmo"},"content":{"rendered":"<p style=\"text-align: justify;\">Padre Cantalamessa nella prima predica di Quaresima affronta il tema dell&#8217;evoluzione alla luce di San Paolo. [Link al testo integrale]<br \/>\n Evoluzionismo, tesi del disegno intelligente, l&#8217;azione dello Spirito nella creazione: questi sono i temi toccati dalla prima predica di Quaresima tenuta stamani da padre Raniero Cantalamessa, nella Cappella Redemptoris Mater in Vaticano, alla presenza del Papa e della Curia Romana. Il servizio di Sergio Centofanti.<\/p>\n<p style=\"text-align: justify;\">Il predicatore della Casa Pontificia \u00e8 partito dalle parole di San Paolo ai Romani: &#8220;tutta la creazione geme e soffre fino ad oggi nelle doglie del parto&#8221;, e le ha sviluppate alla luce delle teorie evoluzioniste, sullo sfondo del bicentenario della nascita di Darwin. Per San Paolo &#8220;Dio \u00e8 all&#8217;inizio e al termine della storia del mondo; lo guida misteriosamente a un fine, facendo servire ad esso anche le impennate della libert\u00e0 umana&#8221;: \u00e8 la tesi del disegno intelligente contrapposta a quanti sostengono che il cosmo si evolva alla cieca, privo di una intelligenza ordinatrice. Una teoria quest&#8217;ultima &#8211; afferma padre Cantalamessa &#8211; che la scienza potrebbe avanzare se potesse da sola spiegare tutto: ma cos\u00ec non \u00e8:<\/p>\n<p style=\"text-align: justify;\">\n &#8220;Se ripercorriamo indietro la storia del mondo, come si sfoglia un libro dall&#8217;ultima pagina in su, arrivati alla fine, ci accorgiamo che \u00e8 come se mancasse la prima pagina, l&#8217;incipit. Sappiamo tutto del mondo, eccetto perch\u00e9 e come \u00e8 cominciato. Il credente \u00e8 convinto che la Bibbia ci fornisce proprio questa pagina iniziale mancante; in essa, come nel frontespizio di ogni libro, \u00e8 indicato il nome dell&#8217;autore e il titolo dell&#8217;opera!&#8221;<\/p>\n<p style=\"text-align: justify;\">&#8220;Una analogia ci pu\u00f2 aiutare a conciliare la nostra fede nell&#8217;esistenza di un disegno intelligente di Dio sul mondo &#8211; ha proseguito &#8211; con l&#8217;apparente casualit\u00e0 e imprevedibilit\u00e0 messa in luce da Darwin e dalla scienza attuale. Si tratta del rapporto tra grazia e libert\u00e0&#8221;:<br \/>\n &#8220;Come nel campo dello spirito la grazia lascia spazio all&#8217;imprevedibilit\u00e0 della libert\u00e0 umana e agisce anche attraverso di essa, cos\u00ec nel campo fisico e biologico tutto \u00e8 affidato al gioco delle cause seconde (la lotta per la sopravvivenza delle specie secondo Darwin, il caso e la necessit\u00e0 secondo Monod), anche se questo stesso gioco \u00e8 previsto e fatto proprio dalla provvidenza di Dio. Nell&#8217;uno e nell&#8217;altro caso, Dio, come dice il proverbio, scrive diritto per linee storte&#8221;.<\/p>\n<p style=\"text-align: justify;\">&#8220;Il creato &#8211; ha affermato il religioso cappuccino &#8211; \u00e8 opera dello Spirito Santo&#8221; che perfeziona le cose, le fa evolvere dal caos all&#8217;ordine. Questo accade anche nell&#8217;uomo, piccolo cosmo:<br \/>\n &#8220;Lo Spirito Santo \u00e8 colui che fa passare ognuno di noi dal caos al cosmo: dal disordine, dalla confusione e dalla dispersione, all&#8217;ordine, all&#8217;unit\u00e0 e alla bellezza. Quella bellezza che consiste nell&#8217;essere conformi alla volont\u00e0 di Dio e all&#8217;immagine di Cristo, nel passare dall&#8217;uomo vecchio e all&#8217;uomo nuovo &#8230; Noi nasciamo \u2018uomini vecchi&#8217; e dobbiamo diventare \u2018uomini nuovi&#8217;. Tutta la vita, non solo l&#8217;adolescenza, \u00e8 una \u2018et\u00e0 evolutiva&#8217;! Secondo il vangelo, bambini non si nasce ma si diventa! &#8230; La Quaresima \u00e8 il tempo ideale per applicarsi a questo ringiovanimento &#8230; Lo Spirito Santo \u00e8 l&#8217;anima di questo rinnovamento e di questo ringiovanimento&#8221;.<\/p>\n<p class=\"info\" style=\"text-align: justify;\"><a title=\"Download\" href=\"http:\/\/62.77.60.84\/audio\/ra\/00153506.RM\" target=\"_blank\">File audio in formato real media<\/a> | Fonte: Radio Vaticana<\/p>\n<p><br class=\"spacer_\" \/><\/p>\n","protected":false},"excerpt":{"rendered":"<p>Padre Cantalamessa nella prima predica di Quaresima affronta il tema dell&#8217;evoluzione alla luce di San Paolo. [Link al testo integrale] Evoluzionismo, tesi del disegno intelligente, l&#8217;azione dello Spirito nella creazione: questi sono i temi toccati dalla prima predica di Quaresima tenuta stamani da padre Raniero Cantalamessa, nella Cappella Redemptoris Mater in Vaticano, alla presenza del&#8230;<\/p>\n","protected":false},"author":3,"featured_media":0,"comment_status":"closed","ping_status":"closed","sticky":false,"template":"","format":"standard","meta":{"_kad_post_transparent":"","_kad_post_title":"","_kad_post_layout":"","_kad_post_sidebar_id":"","_kad_post_content_style":"","_kad_post_vertical_padding":"","_kad_post_feature":"","_kad_post_feature_position":"","_kad_post_header":false,"_kad_post_footer":false,"_kad_post_classname":"","footnotes":""},"categories":[99,4],"tags":[117,174,31],"class_list":["post-228044","post","type-post","status-publish","format-standard","hentry","category-99","category-audio-cattolici","tag-incontri","tag-quaresima","tag-radio-nel-web"],"_links":{"self":[{"href":"https:\/\/archivio.cercoiltuovolto.it\/index.php?rest_route=\/wp\/v2\/posts\/228044","targetHints":{"allow":["GET"]}}],"collection":[{"href":"https:\/\/archivio.cercoiltuovolto.it\/index.php?rest_route=\/wp\/v2\/posts"}],"about":[{"href":"https:\/\/archivio.cercoiltuovolto.it\/index.php?rest_route=\/wp\/v2\/types\/post"}],"author":[{"embeddable":true,"href":"https:\/\/archivio.cercoiltuovolto.it\/index.php?rest_route=\/wp\/v2\/users\/3"}],"replies":[{"embeddable":true,"href":"https:\/\/archivio.cercoiltuovolto.it\/index.php?rest_route=%2Fwp%2Fv2%2Fcomments&post=228044"}],"version-history":[{"count":0,"href":"https:\/\/archivio.cercoiltuovolto.it\/index.php?rest_route=\/wp\/v2\/posts\/228044\/revisions"}],"wp:attachment":[{"href":"https:\/\/archivio.cercoiltuovolto.it\/index.php?rest_route=%2Fwp%2Fv2%2Fmedia&parent=228044"}],"wp:term":[{"taxonomy":"category","embeddable":true,"href":"https:\/\/archivio.cercoiltuovolto.it\/index.php?rest_route=%2Fwp%2Fv2%2Fcategories&post=228044"},{"taxonomy":"post_tag","embeddable":true,"href":"https:\/\/archivio.cercoiltuovolto.it\/index.php?rest_route=%2Fwp%2Fv2%2Ftags&post=228044"}],"curies":[{"name":"wp","href":"https:\/\/api.w.org\/{rel}","templated":true}]}}