{"id":228042,"date":"2009-03-16T10:00:09","date_gmt":"2009-03-16T10:00:09","guid":{"rendered":"https:\/\/archivio.cercoiltuovolto.it\/?p=228042"},"modified":"2009-03-16T10:00:09","modified_gmt":"2009-03-16T10:00:09","slug":"16-marzo-2009-il-vangelo-del-giorno","status":"publish","type":"post","link":"https:\/\/archivio.cercoiltuovolto.it\/?p=228042","title":{"rendered":"16 marzo 2009 &#8211; Il Vangelo del giorno"},"content":{"rendered":"<p style=\"text-align: left;\"><em>Dal Vangelo secondo Luca<\/em><\/p>\n<p style=\"text-align: justify;\">In quel tempo, giunto Ges\u00f9 a Nazaret, disse al popolo radunato nella sinagoga: \u201cIn verit\u00e0 vi dico: nessun profeta \u00e8 bene accetto in patria. Vi dico anche: c\u2019erano molte vedove in Israele al tempo di Elia, quando il cielo fu chiuso per tre anni e sei mesi e ci fu una grande carestia in tutto il paese; ma a nessuna di esse fu mandato Elia, se non a una vedova in Zarepta di Sid\u00f3ne. C\u2019erano molti lebbrosi in Israele al tempo del profeta Eliseo, ma nessuno di loro fu risanato se non Naaman, il Siro\u201d. All\u2019udire queste cose, tutti nella sinagoga furono pieni di sdegno; si levarono, lo cacciarono fuori della citt\u00e0 e lo condussero fin sul ciglio del monte sul quale la loro citt\u00e0 era situata, per gettarlo gi\u00f9 dal precipizio. Ma egli, passando in mezzo a loro, se ne and\u00f2.<\/p>\n<\/p>\n<p><br class=\"spacer_\" \/><\/p>\n<p class=\"fonte\" style=\"text-align: justify;\">Fonte: Canto Nuovo<\/p>\n","protected":false},"excerpt":{"rendered":"<p>Dal Vangelo secondo Luca In quel tempo, giunto Ges\u00f9 a Nazaret, disse al popolo radunato nella sinagoga: \u201cIn verit\u00e0 vi dico: nessun profeta \u00e8 bene accetto in patria. Vi dico anche: c\u2019erano molte vedove in Israele al tempo di Elia, quando il cielo fu chiuso per tre anni e sei mesi e ci fu una&#8230;<\/p>\n","protected":false},"author":3,"featured_media":0,"comment_status":"closed","ping_status":"closed","sticky":false,"template":"","format":"standard","meta":{"_kad_post_transparent":"","_kad_post_title":"","_kad_post_layout":"","_kad_post_sidebar_id":"","_kad_post_content_style":"","_kad_post_vertical_padding":"","_kad_post_feature":"","_kad_post_feature_position":"","_kad_post_header":false,"_kad_post_footer":false,"_kad_post_classname":"","footnotes":""},"categories":[99,147],"tags":[187,113],"class_list":["post-228042","post","type-post","status-publish","format-standard","hentry","category-99","category-commento-al-vangelo","tag-vangelo-del-giorno","tag-video"],"_links":{"self":[{"href":"https:\/\/archivio.cercoiltuovolto.it\/index.php?rest_route=\/wp\/v2\/posts\/228042","targetHints":{"allow":["GET"]}}],"collection":[{"href":"https:\/\/archivio.cercoiltuovolto.it\/index.php?rest_route=\/wp\/v2\/posts"}],"about":[{"href":"https:\/\/archivio.cercoiltuovolto.it\/index.php?rest_route=\/wp\/v2\/types\/post"}],"author":[{"embeddable":true,"href":"https:\/\/archivio.cercoiltuovolto.it\/index.php?rest_route=\/wp\/v2\/users\/3"}],"replies":[{"embeddable":true,"href":"https:\/\/archivio.cercoiltuovolto.it\/index.php?rest_route=%2Fwp%2Fv2%2Fcomments&post=228042"}],"version-history":[{"count":0,"href":"https:\/\/archivio.cercoiltuovolto.it\/index.php?rest_route=\/wp\/v2\/posts\/228042\/revisions"}],"wp:attachment":[{"href":"https:\/\/archivio.cercoiltuovolto.it\/index.php?rest_route=%2Fwp%2Fv2%2Fmedia&parent=228042"}],"wp:term":[{"taxonomy":"category","embeddable":true,"href":"https:\/\/archivio.cercoiltuovolto.it\/index.php?rest_route=%2Fwp%2Fv2%2Fcategories&post=228042"},{"taxonomy":"post_tag","embeddable":true,"href":"https:\/\/archivio.cercoiltuovolto.it\/index.php?rest_route=%2Fwp%2Fv2%2Ftags&post=228042"}],"curies":[{"name":"wp","href":"https:\/\/api.w.org\/{rel}","templated":true}]}}