{"id":228038,"date":"2009-03-16T09:21:49","date_gmt":"2009-03-16T09:21:49","guid":{"rendered":"https:\/\/archivio.cercoiltuovolto.it\/?p=228038"},"modified":"2009-03-16T09:21:49","modified_gmt":"2009-03-16T09:21:49","slug":"video-omelia-22-marzo-2009-quarta-domenica-di-quaresima","status":"publish","type":"post","link":"https:\/\/archivio.cercoiltuovolto.it\/?p=228038","title":{"rendered":"Video Omelia &#8211; 22 marzo 2009 &#8211; Quarta domenica di Quaresima"},"content":{"rendered":"<p style=\"text-align: justify;\"><a rel=\"lightbox\" href=\"http:\/\/www.cercoiltuovolto.it\/\/wp-content\/uploads\/2009\/03\/lahaye1728figures221johniiinicodemuswithchristmed.jpg\"><img loading=\"lazy\" decoding=\"async\" class=\"alignleft size-full wp-image-4104\" title=\"Nicodemo con Ges\u00f9\" src=\"http:\/\/www.cercoiltuovolto.it\/\/wp-content\/uploads\/2009\/03\/lahaye1728figures221johniiinicodemuswithchristmed.jpg\" alt=\"Nicodemo con Ges\u00f9\" width=\"210\" height=\"341\" \/><\/a>Noi, amati tanto cos\u00ec<br \/>\n<em> IV Domenica di Quaresima &#8211; Laetare (Anno B) (22\/03\/2009)<\/em><br \/>\n<em> Vangelo: Gv 3,14-21<\/em><\/p>\n<p style=\"text-align: justify;\"><strong>Dio ha mandato il Figlio perch\u00e9 il mondo si salvi per mezzo di lui<\/strong><\/p>\n<p style=\"text-align: justify;\">\u00c8 stato scritto: un mondo senza Dio, proprio della cultura moderna, \u00e8 il frutto di un Dio senza mondo, proprio della cultura medievale e premoderna. Ma come si \u00e8 potuti arrivare a tali aberrazioni? Abbiamo ascoltato il Signore Ges\u00f9, nel dialogo notturno con Nicodemo, fariseo, capo dei giudei: \u201cDio ha tanto amato il mondo da dare il suo Figlio unigenito\u201d. Questo \u00e8 il vangelo secondo Giovanni, ma \u00e8 anche l\u2019evangelo secondo lo Spirito e la sua santa Chiesa; questa \u00e8 la notizia bella, buona e beatificante, che oggi ci viene nuovamente affidata. Guardiamo al Crocifisso e professiamo la nostra fede: Dio ci ama, ci ama davvero, ci ama proprio tanto! Ecco la proposizione pi\u00f9 semplice e sintetica che si possa formulare per dire tutto il vangelo, tutta la fede, tutta la teologia: Dio ci ama! Ecco la verit\u00e0 pi\u00f9 grande e abbagliante che si riesca a concepire: poteva Dio amarci di pi\u00f9? Oggi ci \u00e8 offerta la grazia di ricostruire e di contemplare le tappe della storia di questo amore inconcepibile, incommensurabile, sconfinato. [<a href=\"http:\/\/marcodaviano.wordpress.com\/2009\/03\/16\/iv-domenica-quaresima-2009\/\" target=\"_blank\">leggi tutto il commento sul sito della Comunit\u00e0 cattolica italiana in Ungheria<\/a>]<\/p>\n<p style=\"text-align: justify;\">[youtube]http:\/\/www.youtube.com\/watch?v=fqYl2X6LjhQ&amp;eurl=http:\/\/marcodaviano.wordpress.com\/2009\/03\/16\/iv-domenica-quaresima-2009\/&amp;feature=player_embedded[\/youtube]<\/p>\n","protected":false},"excerpt":{"rendered":"<p>Noi, amati tanto cos\u00ec IV Domenica di Quaresima &#8211; Laetare (Anno B) (22\/03\/2009) Vangelo: Gv 3,14-21 Dio ha mandato il Figlio perch\u00e9 il mondo si salvi per mezzo di lui \u00c8 stato scritto: un mondo senza Dio, proprio della cultura moderna, \u00e8 il frutto di un Dio senza mondo, proprio della cultura medievale e premoderna&#8230;.<\/p>\n","protected":false},"author":3,"featured_media":0,"comment_status":"closed","ping_status":"closed","sticky":false,"template":"","format":"standard","meta":{"_kad_post_transparent":"","_kad_post_title":"","_kad_post_layout":"","_kad_post_sidebar_id":"","_kad_post_content_style":"","_kad_post_vertical_padding":"","_kad_post_feature":"","_kad_post_feature_position":"","_kad_post_header":false,"_kad_post_footer":false,"_kad_post_classname":"","footnotes":""},"categories":[99,147],"tags":[174,172,113],"class_list":["post-228038","post","type-post","status-publish","format-standard","hentry","category-99","category-commento-al-vangelo","tag-quaresima","tag-vangelo-della-domenica","tag-video"],"_links":{"self":[{"href":"https:\/\/archivio.cercoiltuovolto.it\/index.php?rest_route=\/wp\/v2\/posts\/228038","targetHints":{"allow":["GET"]}}],"collection":[{"href":"https:\/\/archivio.cercoiltuovolto.it\/index.php?rest_route=\/wp\/v2\/posts"}],"about":[{"href":"https:\/\/archivio.cercoiltuovolto.it\/index.php?rest_route=\/wp\/v2\/types\/post"}],"author":[{"embeddable":true,"href":"https:\/\/archivio.cercoiltuovolto.it\/index.php?rest_route=\/wp\/v2\/users\/3"}],"replies":[{"embeddable":true,"href":"https:\/\/archivio.cercoiltuovolto.it\/index.php?rest_route=%2Fwp%2Fv2%2Fcomments&post=228038"}],"version-history":[{"count":0,"href":"https:\/\/archivio.cercoiltuovolto.it\/index.php?rest_route=\/wp\/v2\/posts\/228038\/revisions"}],"wp:attachment":[{"href":"https:\/\/archivio.cercoiltuovolto.it\/index.php?rest_route=%2Fwp%2Fv2%2Fmedia&parent=228038"}],"wp:term":[{"taxonomy":"category","embeddable":true,"href":"https:\/\/archivio.cercoiltuovolto.it\/index.php?rest_route=%2Fwp%2Fv2%2Fcategories&post=228038"},{"taxonomy":"post_tag","embeddable":true,"href":"https:\/\/archivio.cercoiltuovolto.it\/index.php?rest_route=%2Fwp%2Fv2%2Ftags&post=228038"}],"curies":[{"name":"wp","href":"https:\/\/api.w.org\/{rel}","templated":true}]}}