{"id":228031,"date":"2009-03-13T09:20:16","date_gmt":"2009-03-13T09:20:16","guid":{"rendered":"https:\/\/archivio.cercoiltuovolto.it\/?p=228031"},"modified":"2009-03-13T09:20:16","modified_gmt":"2009-03-13T09:20:16","slug":"la-citta-dei-ragazzi","status":"publish","type":"post","link":"https:\/\/archivio.cercoiltuovolto.it\/?p=228031","title":{"rendered":"La citt\u00e0 dei ragazzi"},"content":{"rendered":"<p style=\"text-align: justify;\"><img decoding=\"async\" class=\"alignleft size-full wp-image-4078\" title=\"la-citta-dei-ragazzi\" src=\"http:\/\/www.cercoiltuovolto.it\/\/wp-content\/uploads\/2009\/03\/la-citta-dei-ragazzi.jpg\" alt=\"la-citta-dei-ragazzi\" \/>Si chiamano Ali, Mohammed, Francisco, Ivan. Hanno quindici, sedici anni. Vengono dal Maghreb, dal Bangladesh, da Capo Verde, dalla Nigeria, dalla Romania, dall&#8217;Afghanistan. \u00c8 un fiume tumultuoso d&#8217;umanit\u00e0 lancinante di cui vediamo soltanto la foce, sui banchi di scuola, per strada. Eraldo Affinati ha deciso di scoprire la sorgente: i luoghi e le ragioni profonde che spingono questi adolescenti a lasciare casa, lingua, madre e padre per sfuggire a guerra, povert\u00e0, miseria. Cos\u00ec, dopo aver conosciuto Omar e Faris nella Citt\u00e0 dei Ragazzi, la storica comunit\u00e0 alle porte di Roma, li ha riaccompagnati in Marocco, da dove i due erano partiti ancora bambini. Questo viaggio nello spazio e nel tempo alla ricerca delle radici strappate si trasforma in una drammatica riflessione sulla paternit\u00e0 e sull&#8217;educazione. Per scoprire che spesso i gesti, i fatti e i silenzi contano pi\u00f9 di molte parole, e che sono gli ultimi della Terra a insegnare le vie della giustizia e della pace.<\/p>\n<h4>Intervista all&#8217;autore (dalla trasmissione SAT2000 &#8220;La Compagnia del Libro)<br \/>\n<\/h4>\n<p style=\"text-align: justify;\">[youtube]http:\/\/www.youtube.com\/watch?v=a1wtBnI6aec[\/youtube]<\/p>\n<p><br class=\"spacer_\" \/><\/p>\n<h3>Informazioni utili<\/h3>\n<ul>\n<li><strong>Titolo <\/strong><span>La citt\u00e0 dei ragazzi <\/span><\/li>\n<li><strong>Autore <\/strong>Affinati Eraldo<\/li>\n<li><strong>Prezzo <\/strong>\u20ac 9,00<\/li>\n<li><strong>Dati <\/strong>2009, 206 p.<\/li>\n<li><strong>Editore <\/strong>Mondadori<span class=\"tcorpotesto\"> <\/span><\/li>\n<\/ul>\n<p class=\"acquista-paragrafo\"><a href=\"http:\/\/www.libreriadelsanto.it\/libri\/9788804585824\/la-citta-dei-ragazzi.html\" target=\"_blank\">Acquista il libro<\/a> su Libreria del Santo<\/p>\n","protected":false},"excerpt":{"rendered":"<p>Si chiamano Ali, Mohammed, Francisco, Ivan. Hanno quindici, sedici anni. Vengono dal Maghreb, dal Bangladesh, da Capo Verde, dalla Nigeria, dalla Romania, dall&#8217;Afghanistan. \u00c8 un fiume tumultuoso d&#8217;umanit\u00e0 lancinante di cui vediamo soltanto la foce, sui banchi di scuola, per strada. Eraldo Affinati ha deciso di scoprire la sorgente: i luoghi e le ragioni profonde&#8230;<\/p>\n","protected":false},"author":3,"featured_media":0,"comment_status":"closed","ping_status":"closed","sticky":false,"template":"","format":"standard","meta":{"_kad_post_transparent":"","_kad_post_title":"","_kad_post_layout":"","_kad_post_sidebar_id":"","_kad_post_content_style":"","_kad_post_vertical_padding":"","_kad_post_feature":"","_kad_post_feature_position":"","_kad_post_header":false,"_kad_post_footer":false,"_kad_post_classname":"","footnotes":""},"categories":[99,149],"tags":[17],"class_list":["post-228031","post","type-post","status-publish","format-standard","hentry","category-99","category-interviste","tag-libri"],"_links":{"self":[{"href":"https:\/\/archivio.cercoiltuovolto.it\/index.php?rest_route=\/wp\/v2\/posts\/228031","targetHints":{"allow":["GET"]}}],"collection":[{"href":"https:\/\/archivio.cercoiltuovolto.it\/index.php?rest_route=\/wp\/v2\/posts"}],"about":[{"href":"https:\/\/archivio.cercoiltuovolto.it\/index.php?rest_route=\/wp\/v2\/types\/post"}],"author":[{"embeddable":true,"href":"https:\/\/archivio.cercoiltuovolto.it\/index.php?rest_route=\/wp\/v2\/users\/3"}],"replies":[{"embeddable":true,"href":"https:\/\/archivio.cercoiltuovolto.it\/index.php?rest_route=%2Fwp%2Fv2%2Fcomments&post=228031"}],"version-history":[{"count":0,"href":"https:\/\/archivio.cercoiltuovolto.it\/index.php?rest_route=\/wp\/v2\/posts\/228031\/revisions"}],"wp:attachment":[{"href":"https:\/\/archivio.cercoiltuovolto.it\/index.php?rest_route=%2Fwp%2Fv2%2Fmedia&parent=228031"}],"wp:term":[{"taxonomy":"category","embeddable":true,"href":"https:\/\/archivio.cercoiltuovolto.it\/index.php?rest_route=%2Fwp%2Fv2%2Fcategories&post=228031"},{"taxonomy":"post_tag","embeddable":true,"href":"https:\/\/archivio.cercoiltuovolto.it\/index.php?rest_route=%2Fwp%2Fv2%2Ftags&post=228031"}],"curies":[{"name":"wp","href":"https:\/\/api.w.org\/{rel}","templated":true}]}}