{"id":228026,"date":"2009-03-12T14:27:05","date_gmt":"2009-03-12T14:27:05","guid":{"rendered":"https:\/\/archivio.cercoiltuovolto.it\/?p=228026"},"modified":"2009-03-12T14:27:05","modified_gmt":"2009-03-12T14:27:05","slug":"video-vangelo-del-15032009-terza-domenica-di-quaresima","status":"publish","type":"post","link":"https:\/\/archivio.cercoiltuovolto.it\/?p=228026","title":{"rendered":"Video Vangelo del 15\/03\/2009 &#8211; Terza Domenica di Quaresima"},"content":{"rendered":"<p style=\"text-align: center;\"><img loading=\"lazy\" decoding=\"async\" style=\"border: 0px solid #000000; margin: 5px; width: 304px; height: 140px;\" title=\"Audiovisivi\" src=\"http:\/\/www.cercoiltuovolto.it\/\/images\/stories\/logo\/logo_testata_audiovisivi.jpg\" alt=\"Audiovisivi\" width=\"304\" height=\"140\" \/><\/p>\n<p style=\"text-align: left;\"><strong>Guarda il video della lettura del vangelo<\/strong> della settimana e le <strong>riflessioni <\/strong>affidate a diversi commentatori.<\/p>\n<p style=\"text-align: left;\"><strong><\/strong><strong> <\/strong><\/p>\n<p style=\"text-align: left;\"><strong> <\/strong><strong>Commento <\/strong>di mons Luciano Monari | <strong>Lettrice<\/strong> Elena Gianni | <strong>Fonte<\/strong>: Voce Audiovisivi<\/p>\n<p style=\"text-align: left;\">[display_podcast]<\/p>\n<p style=\"text-align: left;\">\u00a0<\/p>\n<p style=\"text-align: left;\">\u00a0<\/p>\n<blockquote>\n<p style=\"text-align: justify;\"><strong> Vangelo <\/strong>Gv 2,13-25<br \/>\n <em>Distruggete questo tempio e in   tre giorni lo far\u00f2 risorgere<\/em><\/p>\n<p style=\"text-align: justify;\"><strong>Dal Vangelo secondo Giovanni <br \/>\n <\/strong><a rel=\"lightbox\" href=\"http:\/\/www.cercoiltuovolto.it\/\/wp-content\/uploads\/2009\/03\/00057501.jpg\"><img loading=\"lazy\" decoding=\"async\" class=\"alignleft size-full wp-image-4062\" title=\"Ges\u00f9 nel Tempio\" src=\"http:\/\/www.cercoiltuovolto.it\/\/wp-content\/uploads\/2009\/03\/00057501.jpg\" alt=\"Ges\u00f9 nel Tempio\" width=\"384\" height=\"281\" \/><\/a>Si avvicinava la Pasqua dei Giudei e Ges\u00f9 sal\u00ec a Gerusalemme. Trov\u00f2 nel tempio gente che vendeva buoi, pecore e colombe e, l\u00e0 seduti, i cambiamonete. Allora fece una frusta di cordicelle e scacci\u00f2 tutti fuori del tempio, con le pecore e i buoi; gett\u00f2 a terra il denaro dei cambiamonete e ne rovesci\u00f2 i banchi, e ai venditori di colombe disse: \u00abPortate via di qui queste cose e non fate della casa del Padre mio un mercato!\u00bb. I suoi discepoli si ricordarono che sta scritto: \u00abLo zelo per la tua casa mi divorer\u00e0\u00bb. <br \/>\n Allora i Giudei presero la parola e gli dissero: \u00abQuale segno ci mostri per fare queste cose?\u00bb. Rispose loro Ges\u00f9: \u00abDistruggete questo tempio e in tre giorni lo far\u00f2 risorgere\u00bb. Gli dissero allora i Giudei: \u00abQuesto tempio \u00e8 stato costruito in quarantasei anni e tu in tre giorni lo farai risorgere?\u00bb. Ma egli parlava del tempio del suo corpo. <br \/>\n Quando poi fu risuscitato dai morti, i suoi discepoli si ricordarono che aveva detto questo, e credettero alla Scrittura e alla parola detta da Ges\u00f9.<br \/>\n Mentre era a Gerusalemme per la Pasqua, durante la festa, molti, vedendo i segni che egli compiva, credettero nel suo nome. Ma lui, Ges\u00f9, non si fidava di loro, perch\u00e9 conosceva tutti e non aveva bisogno che alcuno desse testimonianza sull&#8217;uomo. Egli infatti conosceva quello che c&#8217;\u00e8 nell&#8217;uomo.<\/p>\n<\/blockquote>\n<p class=\"info\"><strong>Fonte del video<\/strong>: Centro Audiovisivi &#8211; La Buona Notizia<\/p>\n","protected":false},"excerpt":{"rendered":"<p>Guarda il video della lettura del vangelo della settimana e le riflessioni affidate a diversi commentatori. Commento di mons Luciano Monari | Lettrice Elena Gianni | Fonte: Voce Audiovisivi [display_podcast] \u00a0 \u00a0 Vangelo Gv 2,13-25 Distruggete questo tempio e in tre giorni lo far\u00f2 risorgere Dal Vangelo secondo Giovanni Si avvicinava la Pasqua dei Giudei&#8230;<\/p>\n","protected":false},"author":3,"featured_media":0,"comment_status":"closed","ping_status":"closed","sticky":false,"template":"","format":"standard","meta":{"_kad_post_transparent":"","_kad_post_title":"","_kad_post_layout":"","_kad_post_sidebar_id":"","_kad_post_content_style":"","_kad_post_vertical_padding":"","_kad_post_feature":"","_kad_post_feature_position":"","_kad_post_header":false,"_kad_post_footer":false,"_kad_post_classname":"","footnotes":""},"categories":[99,147],"tags":[42,174,172],"class_list":["post-228026","post","type-post","status-publish","format-standard","hentry","category-99","category-commento-al-vangelo","tag-lettura-del-vangelo","tag-quaresima","tag-vangelo-della-domenica"],"_links":{"self":[{"href":"https:\/\/archivio.cercoiltuovolto.it\/index.php?rest_route=\/wp\/v2\/posts\/228026","targetHints":{"allow":["GET"]}}],"collection":[{"href":"https:\/\/archivio.cercoiltuovolto.it\/index.php?rest_route=\/wp\/v2\/posts"}],"about":[{"href":"https:\/\/archivio.cercoiltuovolto.it\/index.php?rest_route=\/wp\/v2\/types\/post"}],"author":[{"embeddable":true,"href":"https:\/\/archivio.cercoiltuovolto.it\/index.php?rest_route=\/wp\/v2\/users\/3"}],"replies":[{"embeddable":true,"href":"https:\/\/archivio.cercoiltuovolto.it\/index.php?rest_route=%2Fwp%2Fv2%2Fcomments&post=228026"}],"version-history":[{"count":0,"href":"https:\/\/archivio.cercoiltuovolto.it\/index.php?rest_route=\/wp\/v2\/posts\/228026\/revisions"}],"wp:attachment":[{"href":"https:\/\/archivio.cercoiltuovolto.it\/index.php?rest_route=%2Fwp%2Fv2%2Fmedia&parent=228026"}],"wp:term":[{"taxonomy":"category","embeddable":true,"href":"https:\/\/archivio.cercoiltuovolto.it\/index.php?rest_route=%2Fwp%2Fv2%2Fcategories&post=228026"},{"taxonomy":"post_tag","embeddable":true,"href":"https:\/\/archivio.cercoiltuovolto.it\/index.php?rest_route=%2Fwp%2Fv2%2Ftags&post=228026"}],"curies":[{"name":"wp","href":"https:\/\/api.w.org\/{rel}","templated":true}]}}