{"id":228025,"date":"2009-03-12T08:34:01","date_gmt":"2009-03-12T08:34:01","guid":{"rendered":"https:\/\/archivio.cercoiltuovolto.it\/?p=228025"},"modified":"2009-03-12T08:34:01","modified_gmt":"2009-03-12T08:34:01","slug":"letture-in-mp3-del-15-marzo-2009-terza-domenica-di-quaresima","status":"publish","type":"post","link":"https:\/\/archivio.cercoiltuovolto.it\/?p=228025","title":{"rendered":"&#8220;Letture in mp3&#8221; del 15 marzo 2009 &#8211; Terza Domenica di Quaresima"},"content":{"rendered":"<p style=\"text-align: justify;\">Di seguito i file in mp3 ed il testo relativi alla <strong>Liturgia della Parola<\/strong> di domenica 15 marzo 2009.<\/p>\n<p style=\"text-align: justify;\">[display_podcast]<\/p>\n<p style=\"text-align: justify;\">\u00a0<\/p>\n<p class=\"info\" style=\"text-align: justify;\">Fonte: Proclamare la Parola<\/p>\n<blockquote>\n<h3 style=\"text-align: left;\"><strong>Prima lettura<\/strong><\/h3>\n<p><strong>Es 20,1-17<\/strong><\/p>\n<p style=\"text-align: justify;\"><em>La legge fu data per mezzo di Mos\u00e8.<\/em><\/p>\n<p style=\"text-align: justify;\">Dal libro dell&#8217;\u00c8sodo<\/p>\n<p style=\"text-align: justify;\">In quei giorni,\/ Dio pronunci\u00f2 tutte queste parole:\/ \u00abIo sono il Signore,\/ tuo Dio,\/ che ti ho fatto uscire dalla terra d&#8217;Egitto,\/ dalla condizione servile:\/\/<br \/>\n Non avrai altri d\u00e8i di fronte a me.\/\/<br \/>\n Non ti farai idolo\/ n\u00e9 immagine alcuna\/ di quanto \u00e8 lass\u00f9 nel cielo,\/ n\u00e9 di quanto \u00e8 quaggi\u00f9 sulla terra,\/ n\u00e9 di quanto \u00e8 nelle acque sotto la terra.\/\/ Non ti prostrerai davanti a loro\/ e non li servirai.\/\/ Perch\u00e9 io,\/ il Signore,\/ tuo Dio,\/ sono un Dio geloso,\/ che punisce la colpa dei padri nei figli\/ fino alla terza e alla quarta generazione,\/ per coloro che mi odiano,\/ ma che dimostra la sua bont\u00e0 fino a mille generazioni,\/ per quelli che mi amano\/ e osservano i miei comandamenti.\/\/ <br \/>\n Non pronuncerai invano il nome del Signore,\/ tuo Dio,\/ perch\u00e9 il Signore non lascia impunito\/ chi pronuncia il suo nome invano.\/\/<br \/>\n Ric\u00f2rdati del giorno del sabato per santificarlo.\/ Sei giorni lavorerai e farai ogni tuo lavoro;\/ ma il settimo giorno \u00e8 il sabato in onore del Signore,\/ tuo Dio:\/ non farai alcun lavoro,\/ n\u00e9 tu n\u00e9 tuo figlio n\u00e9 tua figlia,\/ n\u00e9 il tuo schiavo n\u00e9 la tua schiava,\/ n\u00e9 il tuo bestiame,\/ n\u00e9 il forestiero che dimora presso di te.\/\/ Perch\u00e9 in sei giorni il Signore ha fatto il cielo e la terra e il mare\/ e quanto \u00e8 in essi,\/ ma si \u00e8 riposato il settimo giorno.\/\/ Perci\u00f2 il Signore ha benedetto il giorno del sabato\/ e lo ha consacrato.\/\/<br \/>\n Onora tuo padre e tua madre,\/ perch\u00e9 si prolunghino i tuoi giorni nel paese che il Signore,\/ tuo Dio,\/ ti d\u00e0.\/\/<br \/>\n Non ucciderai.\/\/<br \/>\n Non commetterai adulterio.\/\/<br \/>\n Non ruberai.\/\/<br \/>\n Non pronuncerai falsa testimonianza contro il tuo prossimo.\/\/<br \/>\n Non desidererai la casa del tuo prossimo.\/\/ Non desidererai la moglie del tuo prossimo,\/ n\u00e9 il suo schiavo n\u00e9 la sua schiava,\/ n\u00e9 il suo bue\/ n\u00e9 il suo asino,\/ n\u00e9 alcuna cosa che appartenga al tuo prossimo\u00bb.<\/p>\n<h3 style=\"text-align: left;\"><strong>Salmo responsoriale <\/strong><\/h3>\n<p style=\"text-align: justify;\"><em>(di norma deve venire eseguito in canto)<\/em><\/p>\n<p style=\"text-align: justify;\"><em>Sal 18<\/em><\/p>\n<p style=\"text-align: justify;\">Rit.: Signore, tu hai parole di vita eterna.<\/p>\n<p style=\"text-align: justify;\">La legge del Signore \u00e8 perfetta,<br \/>\n rinfranca l&#8217;anima;<br \/>\n la testimonianza del Signore \u00e8 stabile,<br \/>\n rende saggio il semplice.<\/p>\n<p style=\"text-align: justify;\">I precetti del Signore sono retti,<br \/>\n fanno gioire il cuore;<br \/>\n il comando del Signore \u00e8 limpido,<br \/>\n illumina gli occhi.<\/p>\n<p style=\"text-align: justify;\">Il timore del Signore \u00e8 puro,<br \/>\n rimane per sempre;<br \/>\n i giudizi del Signore sono fedeli,<br \/>\n sono tutti giusti.<\/p>\n<p style=\"text-align: justify;\">Pi\u00f9 preziosi dell&#8217;oro,<br \/>\n di molto oro fino,<br \/>\n pi\u00f9 dolci del miele<br \/>\n e di un favo stillante.<\/p>\n<h3 style=\"text-align: left;\"><strong>Seconda lettura<\/strong><\/h3>\n<p><strong>1Cor 1,22-25<\/strong><\/p>\n<p style=\"text-align: justify;\">Annunciamo Cristo crocifisso, scandalo per gli uomini, ma, per coloro che sono chiamati, sapienza di Dio.<\/p>\n<p style=\"text-align: justify;\">Dalla prima lettera di san Paolo apostolo ai Cor\u00ecnzi<\/p>\n<p style=\"text-align: justify;\">Fratelli,\/ mentre i Giudei chiedono segni\/ e i Greci cercano sapienza,\/ noi invece annunciamo Cristo crocifisso:\/ scandalo per i Giudei\/ e stoltezza per i pagani;\/\/ ma per coloro che sono chiamati,\/ sia Giudei che Greci,\/ Cristo \u00e8 potenza di Dio\/ e sapienza di Dio.\/\/<br \/>\n Infatti ci\u00f2 che \u00e8 stoltezza di Dio \u00e8 pi\u00f9 sapiente degli uomini,\/ e ci\u00f2 che \u00e8 debolezza di Dio\/ \u00e8 pi\u00f9 forte degli uomini.<\/p>\n<h3 style=\"text-align: justify;\"><strong>Vangelo<\/strong><\/h3>\n<p><strong>Gv 2,13-25<\/strong><\/p>\n<p style=\"text-align: justify;\"><em><a rel=\"lightbox\" href=\"http:\/\/www.cercoiltuovolto.it\/\/wp-content\/uploads\/2009\/03\/19091066.jpg\"><img loading=\"lazy\" decoding=\"async\" class=\"alignleft size-full wp-image-4055\" title=\"Ges\u00f9 nel tempio\" src=\"http:\/\/www.cercoiltuovolto.it\/\/wp-content\/uploads\/2009\/03\/19091066.jpg\" alt=\"Ges\u00f9 nel tempio\" width=\"360\" height=\"287\" \/><\/a>Distruggete questo tempio e in tre giorni lo far\u00f2 risorgere<\/em><\/p>\n<p style=\"text-align: justify;\">+ Dal Vangelo secondo Giovanni<\/p>\n<p style=\"text-align: justify;\">Si avvicinava la Pasqua dei Giudei e Ges\u00f9 sal\u00ec a Gerusalemme. Trov\u00f2 nel tempio gente che vendeva buoi, pecore e colombe e, l\u00e0 seduti, i cambiamonete. Allora fece una frusta di cordicelle e scacci\u00f2 tutti fuori del tempio, con le pecore e i buoi; gett\u00f2 a terra il denaro dei cambiamonete e ne rovesci\u00f2 i banchi, e ai venditori di colombe disse: \u00abPortate via di qui queste cose e non fate della casa del Padre mio un mercato!\u00bb. I suoi discepoli si ricordarono che sta scritto: \u00abLo zelo per la tua casa mi divorer\u00e0\u00bb.<br \/>\n Allora i Giudei presero la parola e gli dissero: \u00abQuale segno ci mostri per fare queste cose?\u00bb. Rispose loro Ges\u00f9: \u00abDistruggete questo tempio e in tre giorni lo far\u00f2 risorgere\u00bb. Gli dissero allora i Giudei: \u00abQuesto tempio \u00e8 stato costruito in quarantasei anni e tu in tre giorni lo farai risorgere?\u00bb. Ma egli parlava del tempio del suo corpo.<br \/>\n Quando poi fu risuscitato dai morti, i suoi discepoli si ricordarono che aveva detto questo, e credettero alla Scrittura e alla parola detta da Ges\u00f9.<br \/>\n Mentre era a Gerusalemme per la Pasqua, durante la festa, molti, vedendo i segni che egli compiva, credettero nel suo nome. Ma lui, Ges\u00f9, non si fidava di loro, perch\u00e9 conosceva tutti e non aveva bisogno che alcuno desse testimonianza sull&#8217;uomo. Egli infatti conosceva quello che c&#8217;\u00e8 nell&#8217;uomo.<\/p>\n<\/blockquote>\n","protected":false},"excerpt":{"rendered":"<p>Di seguito i file in mp3 ed il testo relativi alla Liturgia della Parola di domenica 15 marzo 2009. [display_podcast] \u00a0 Fonte: Proclamare la Parola Prima lettura Es 20,1-17 La legge fu data per mezzo di Mos\u00e8. Dal libro dell&#8217;\u00c8sodo In quei giorni,\/ Dio pronunci\u00f2 tutte queste parole:\/ \u00abIo sono il Signore,\/ tuo Dio,\/ che&#8230;<\/p>\n","protected":false},"author":3,"featured_media":0,"comment_status":"closed","ping_status":"closed","sticky":false,"template":"","format":"standard","meta":{"_kad_post_transparent":"","_kad_post_title":"","_kad_post_layout":"","_kad_post_sidebar_id":"","_kad_post_content_style":"","_kad_post_vertical_padding":"","_kad_post_feature":"","_kad_post_feature_position":"","_kad_post_header":false,"_kad_post_footer":false,"_kad_post_classname":"","footnotes":""},"categories":[99,4],"tags":[42,61,174],"class_list":["post-228025","post","type-post","status-publish","format-standard","hentry","category-99","category-audio-cattolici","tag-lettura-del-vangelo","tag-letture-in-mp3","tag-quaresima"],"_links":{"self":[{"href":"https:\/\/archivio.cercoiltuovolto.it\/index.php?rest_route=\/wp\/v2\/posts\/228025","targetHints":{"allow":["GET"]}}],"collection":[{"href":"https:\/\/archivio.cercoiltuovolto.it\/index.php?rest_route=\/wp\/v2\/posts"}],"about":[{"href":"https:\/\/archivio.cercoiltuovolto.it\/index.php?rest_route=\/wp\/v2\/types\/post"}],"author":[{"embeddable":true,"href":"https:\/\/archivio.cercoiltuovolto.it\/index.php?rest_route=\/wp\/v2\/users\/3"}],"replies":[{"embeddable":true,"href":"https:\/\/archivio.cercoiltuovolto.it\/index.php?rest_route=%2Fwp%2Fv2%2Fcomments&post=228025"}],"version-history":[{"count":0,"href":"https:\/\/archivio.cercoiltuovolto.it\/index.php?rest_route=\/wp\/v2\/posts\/228025\/revisions"}],"wp:attachment":[{"href":"https:\/\/archivio.cercoiltuovolto.it\/index.php?rest_route=%2Fwp%2Fv2%2Fmedia&parent=228025"}],"wp:term":[{"taxonomy":"category","embeddable":true,"href":"https:\/\/archivio.cercoiltuovolto.it\/index.php?rest_route=%2Fwp%2Fv2%2Fcategories&post=228025"},{"taxonomy":"post_tag","embeddable":true,"href":"https:\/\/archivio.cercoiltuovolto.it\/index.php?rest_route=%2Fwp%2Fv2%2Ftags&post=228025"}],"curies":[{"name":"wp","href":"https:\/\/api.w.org\/{rel}","templated":true}]}}