{"id":228012,"date":"2009-03-09T09:45:35","date_gmt":"2009-03-09T09:45:35","guid":{"rendered":"https:\/\/archivio.cercoiltuovolto.it\/?p=228012"},"modified":"2009-03-09T09:45:35","modified_gmt":"2009-03-09T09:45:35","slug":"angelus-dell8-marzo-2009-in-mp3","status":"publish","type":"post","link":"https:\/\/archivio.cercoiltuovolto.it\/?p=228012","title":{"rendered":"Angelus dell&#8217;8 marzo 2009 in mp3"},"content":{"rendered":"<p>Preghiera dell&#8217;Angelus con il Santo Padre Benedetto XVI.<\/p>\n<p><strong>Quando: <\/strong>8 marzo 2009 | <strong>Dove<\/strong>: Piazza San Pietro (Roma) |<strong> Durata<\/strong>: 00:15:19:27<\/p>\n<figure id=\"attachment_4010\" aria-describedby=\"caption-attachment-4010\" style=\"width: 360px\" class=\"wp-caption alignleft\"><a rel=\"lightbox\" href=\"http:\/\/www.cercoiltuovolto.it\/\/wp-content\/uploads\/2009\/03\/or839785.jpg\"><img loading=\"lazy\" decoding=\"async\" class=\"size-full wp-image-4010\" title=\"SS Benedetto XVI \" src=\"http:\/\/www.cercoiltuovolto.it\/\/wp-content\/uploads\/2009\/03\/or839785.jpg\" alt=\"SS Benedetto XVI - Piazza San Pietro - Angelus - 08\/03\/2009 - (Copyright L'OSSERVATORE ROMANO - Servizio Fotografico - photo@ossrom.va)\" width=\"360\" height=\"240\" \/><\/a><figcaption id=\"caption-attachment-4010\" class=\"wp-caption-text\">SS Benedetto XVI - Piazza San Pietro - Angelus - 08\/03\/2009 - (Copyright L&#39;OSSERVATORE ROMANO - Servizio Fotografico - photo@ossrom.va)<\/figcaption><\/figure>\n<p style=\"text-align: justify;\"><em>Cari fratelli e sorelle!<\/em><\/p>\n<p style=\"text-align: justify;\">Nei giorni scorsi, come sapete, ho fatto gli Esercizi spirituali, insieme con  i miei collaboratori della Curia Romana. E\u2019 stata una settimana di silenzio e di  preghiera: la mente e il cuore hanno potuto dedicarsi interamente a Dio,  all\u2019ascolto della sua Parola, alla meditazione dei misteri di Cristo. Fatte le  debite proporzioni, \u00e8 un po\u2019 quello che accadde agli apostoli Pietro, Giacomo e  Giovanni quando Ges\u00f9 li port\u00f2 con s\u00e9 su un alto monte, in disparte, loro soli, e  mentre pregava si &#8220;trasfigur\u00f2&#8221;: il suo volto e la sua persona apparvero  luminosi, splendenti. La liturgia ripropone questo celebre episodio proprio  oggi, seconda domenica di   <a href=\"http:\/\/www.vatican.va\/liturgical_year\/lent\/2009\/index_lent2009_it.html\">Quaresima<\/a> (cfr <em>Mc<\/em> 9,2-10). Ges\u00f9 voleva che i  suoi discepoli, in particolare quelli che avrebbero avuto la responsabilit\u00e0 di  guidare la Chiesa nascente, facessero un\u2019esperienza diretta della sua gloria  divina, per affrontare lo scandalo della croce. In effetti, quando verr\u00e0 l\u2019ora  del tradimento e Ges\u00f9 si ritirer\u00e0 a pregare nel <em>Getsemani<\/em>, terr\u00e0 vicini  gli stessi Pietro, Giacomo e Giovanni, chiedendo loro di vegliare e pregare con  Lui (cfr <em>Mt<\/em> 26,38). Essi non ce la faranno, ma la grazia di Cristo li  sosterr\u00e0 e li aiuter\u00e0 a credere nella Risurrezione.\u00a0 [<a href=\"http:\/\/www.vatican.va\/holy_father\/benedict_xvi\/angelus\/2009\/documents\/hf_ben-xvi_ang_20090308_it.html\" target=\"_blank\">Leggi tutto il messaggio<\/a>] <em>\u00a9 Copyright 2008 &#8211; Libreria  Editrice Vaticana<\/em><\/p>\n<p>[display_podcast]<\/p>\n<p><br class=\"spacer_\" \/><\/p>\n<p style=\"text-align: left;\"><img loading=\"lazy\" decoding=\"async\" style=\"border: 0pt none; vertical-align: middle;\" title=\"Link\" src=\"http:\/\/www.cercoiltuovolto.it\/\/images\/web.png\" alt=\"Link\" width=\"24\" height=\"24\" \/> <strong>Fonte<\/strong>: Radio Vaticana via FeedRss | <strong>Fotografia<\/strong>: <a href=\"https:\/\/www.photo.va\/\" target=\"_blank\">Osservatore Romano<\/a><\/p>\n<p style=\"text-align: justify;\"><span style=\"font-size: xx-small;\"><em>(The content of this podcast is copyrighted by Vatican Radio which, according to  its statute, is entrusted to manage and protect the sound recordings of the  Roman Pontiff, ensuring that their pastoral character and intellectual  property&#8217;s rights are protected when used by third parties. The content of this  podcast is made available only for personal and private use and cannot be  exploited for commercial purposes, without prior written authorization by  Vatican Radio. For further information, please contact the International  Relation Office at relint@vatiradio.va)<\/em><\/span><\/p>\n","protected":false},"excerpt":{"rendered":"<p>Preghiera dell&#8217;Angelus con il Santo Padre Benedetto XVI. Quando: 8 marzo 2009 | Dove: Piazza San Pietro (Roma) | Durata: 00:15:19:27 Cari fratelli e sorelle! Nei giorni scorsi, come sapete, ho fatto gli Esercizi spirituali, insieme con i miei collaboratori della Curia Romana. E\u2019 stata una settimana di silenzio e di preghiera: la mente e&#8230;<\/p>\n","protected":false},"author":3,"featured_media":0,"comment_status":"closed","ping_status":"closed","sticky":false,"template":"","format":"standard","meta":{"_kad_post_transparent":"","_kad_post_title":"","_kad_post_layout":"","_kad_post_sidebar_id":"","_kad_post_content_style":"","_kad_post_vertical_padding":"","_kad_post_feature":"","_kad_post_feature_position":"","_kad_post_header":false,"_kad_post_footer":false,"_kad_post_classname":"","footnotes":""},"categories":[99,114],"tags":[115,73,174],"class_list":["post-228012","post","type-post","status-publish","format-standard","hentry","category-99","category-angelus","tag-audio","tag-benedetto-xvi","tag-quaresima"],"_links":{"self":[{"href":"https:\/\/archivio.cercoiltuovolto.it\/index.php?rest_route=\/wp\/v2\/posts\/228012","targetHints":{"allow":["GET"]}}],"collection":[{"href":"https:\/\/archivio.cercoiltuovolto.it\/index.php?rest_route=\/wp\/v2\/posts"}],"about":[{"href":"https:\/\/archivio.cercoiltuovolto.it\/index.php?rest_route=\/wp\/v2\/types\/post"}],"author":[{"embeddable":true,"href":"https:\/\/archivio.cercoiltuovolto.it\/index.php?rest_route=\/wp\/v2\/users\/3"}],"replies":[{"embeddable":true,"href":"https:\/\/archivio.cercoiltuovolto.it\/index.php?rest_route=%2Fwp%2Fv2%2Fcomments&post=228012"}],"version-history":[{"count":0,"href":"https:\/\/archivio.cercoiltuovolto.it\/index.php?rest_route=\/wp\/v2\/posts\/228012\/revisions"}],"wp:attachment":[{"href":"https:\/\/archivio.cercoiltuovolto.it\/index.php?rest_route=%2Fwp%2Fv2%2Fmedia&parent=228012"}],"wp:term":[{"taxonomy":"category","embeddable":true,"href":"https:\/\/archivio.cercoiltuovolto.it\/index.php?rest_route=%2Fwp%2Fv2%2Fcategories&post=228012"},{"taxonomy":"post_tag","embeddable":true,"href":"https:\/\/archivio.cercoiltuovolto.it\/index.php?rest_route=%2Fwp%2Fv2%2Ftags&post=228012"}],"curies":[{"name":"wp","href":"https:\/\/api.w.org\/{rel}","templated":true}]}}