{"id":227976,"date":"2009-02-27T08:40:56","date_gmt":"2009-02-27T08:40:56","guid":{"rendered":"https:\/\/archivio.cercoiltuovolto.it\/?p=227976"},"modified":"2009-02-27T08:40:56","modified_gmt":"2009-02-27T08:40:56","slug":"letture-in-mp3-del-1-marzo-2009-prima-domenica-di-quaresima","status":"publish","type":"post","link":"https:\/\/archivio.cercoiltuovolto.it\/?p=227976","title":{"rendered":"&#8220;Letture in mp3&#8221; del 1 marzo 2009 &#8211; Prima Domenica di Quaresima"},"content":{"rendered":"<p style=\"text-align: justify;\">Di seguito i file in mp3 ed il testo relativi alla <strong>Liturgia della Parola<\/strong> di domenica 1 marzo  2009.<\/p>\n<p style=\"text-align: justify;\">[display_podcast]<\/p>\n<p style=\"text-align: justify;\">\u00a0<\/p>\n<p class=\"info\" style=\"text-align: justify;\">Fonte: Proclamare la Parola<\/p>\n<h4>Prima lettura<\/h4>\n<p style=\"text-align: justify;\"><em>Gen 9,8-15<\/em><\/p>\n<p style=\"text-align: justify;\">L&#8217;alleanza fra Dio e No\u00e8 liberato dalle acque del diluvio.<\/p>\n<p style=\"text-align: justify;\">Dal libro della G\u00e8nesi<\/p>\n<p style=\"text-align: justify;\">Dio disse a No\u00e8\/ e ai suoi figli con lui:\/ \u00abQuanto a me,\/ ecco io stabilisco la mia alleanza con voi\/ e con i vostri discendenti dopo di voi,\/ con ogni essere vivente che \u00e8 con voi,\/ uccelli,\/ bestiame e animali selvatici,\/ con tutti gli animali che sono usciti dall&#8217;arca,\/ con tutti gli animali della terra.\/\/ Io stabilisco la mia alleanza con voi:\/ non sar\u00e0 pi\u00f9 distrutta alcuna carne dalle acque del diluvio,\/ n\u00e9 il diluvio\/ devaster\u00e0 pi\u00f9 la terra\u00bb.\/\/<br \/>\n Dio disse:\/<br \/>\n \u00abQuesto \u00e8 il segno dell&#8217;alleanza,\/<br \/>\n che io pongo tra me e voi\/<br \/>\n e ogni essere vivente che \u00e8 con voi,\/<br \/>\n per tutte le generazioni future.\/\/<br \/>\n Pongo il mio arco sulle nubi,\/<br \/>\n perch\u00e9 sia il segno dell&#8217;alleanza\/<br \/>\n tra me e la terra.\/\/ <br \/>\n Quando ammasser\u00f2 le nubi sulla terra\/<br \/>\n e apparir\u00e0 l&#8217;arco sulle nubi,\/<br \/>\n ricorder\u00f2 la mia alleanza<br \/>\n che \u00e8 tra me e voi\/<br \/>\n e ogni essere che vive in ogni carne,\/<br \/>\n e non ci saranno pi\u00f9 le acque per il diluvio,\/<br \/>\n per distruggere ogni carne\u00bb.<\/p>\n<h4>Salmo responsoriale<\/h4>\n<p style=\"text-align: justify;\"><a rel=\"lightbox\" href=\"http:\/\/www.cercoiltuovolto.it\/\/wp-content\/uploads\/2009\/02\/db-f29r.jpg\"><img loading=\"lazy\" decoding=\"async\" class=\"alignleft size-full wp-image-3852\" title=\"Salmo 24\" src=\"http:\/\/www.cercoiltuovolto.it\/\/wp-content\/uploads\/2009\/02\/db-f29r.jpg\" alt=\"Salmo 24\" width=\"200\" height=\"281\" \/><\/a>(di norma deve venire eseguito in canto)<br \/>\n <em>Sal 24<\/em><\/p>\n<p style=\"text-align: justify;\"><strong>Rit.:Tutti i sentieri del Signore sono amore e fedelt\u00e0.<\/strong><\/p>\n<p style=\"text-align: justify;\">Fammi conoscere, Signore, le tue vie,<br \/>\n insegnami i tuoi sentieri.<br \/>\n Guidami nella tua fedelt\u00e0 e istruiscimi,<br \/>\n perch\u00e9 sei tu il Dio della mia salvezza.<\/p>\n<p style=\"text-align: justify;\">Ric\u00f2rdati, Signore, della tua misericordia<br \/>\n e del tuo amore, che \u00e8 da sempre.<br \/>\n Ric\u00f2rdati di me nella tua misericordia,<br \/>\n per la tua bont\u00e0, Signore.<\/p>\n<p style=\"text-align: justify;\">Buono e retto \u00e8 il Signore,<br \/>\n indica ai peccatori la via giusta;<br \/>\n guida i poveri secondo giustizia,<br \/>\n insegna ai poveri la sua via.<\/p>\n<h4>Seconda lettura<\/h4>\n<p style=\"text-align: justify;\"><em>1Pt 3,18-22<\/em><\/p>\n<p style=\"text-align: justify;\">Quest&#8217;acqua, come immagine del battesimo, ora salva anche voi.<\/p>\n<p style=\"text-align: justify;\">Dalla prima lettera di san Pietro apostolo<\/p>\n<p style=\"text-align: justify;\">Carissimi,\/ Cristo \u00e8 morto una volta per sempre per i peccati,\/ giusto per gli ingiusti,\/ per ricondurvi a Dio;\/\/ messo a morte nel corpo,\/ ma reso vivo nello spirito.\/\/ E nello spirito and\u00f2 a portare l&#8217;annuncio\/ anche alle anime prigioniere,\/ che un tempo avevano rifiutato di credere,\/ quando Dio,\/ nella sua magnanimit\u00e0,\/ pazientava nei giorni di No\u00e8,\/ mentre si fabbricava l&#8217;arca,\/ nella quale poche persone,\/ otto in tutto,\/ furono salvate per mezzo dell&#8217;acqua.\/\/<br \/>\n Quest&#8217;acqua,\/ come immagine del battesimo,\/ ora salva anche voi;\/ non porta via la sporcizia del corpo,\/ ma \u00e8 invocazione di salvezza rivolta a Dio\/ da parte di una buona coscienza,\/ in virt\u00f9 della risurrezione di Ges\u00f9 Cristo.\/\/ Egli \u00e8 alla destra di Dio,\/ dopo essere salito al cielo\/ e aver ottenuto la sovranit\u00e0 sugli angeli,\/ i Principati\/ e le Potenze.<\/p>\n<h3>Vangelo<\/h3>\n<p style=\"text-align: justify;\"><em>Mc 1,12-15<\/em><\/p>\n<p style=\"text-align: justify;\">Ges\u00f9, tentato da satana, \u00e8 servito dagli angeli<\/p>\n<p style=\"text-align: justify;\">+ Dal Vangelo secondo Marco<\/p>\n<p style=\"text-align: justify;\">In quel tempo, lo Spirito sospinse Ges\u00f9 nel deserto e nel deserto rimase quaranta giorni, tentato da Satana. Stava con le bestie selvatiche e gli angeli lo servivano.<br \/>\n Dopo che Giovanni fu arrestato, Ges\u00f9 and\u00f2 nella Galilea, proclamando il vangelo di Dio, e diceva: \u00abIl tempo \u00e8 compiuto e il regno di Dio \u00e8 vicino; convertitevi e credete nel Vangelo\u00bb.<\/p>\n","protected":false},"excerpt":{"rendered":"<p>Di seguito i file in mp3 ed il testo relativi alla Liturgia della Parola di domenica 1 marzo 2009. [display_podcast] \u00a0 Fonte: Proclamare la Parola Prima lettura Gen 9,8-15 L&#8217;alleanza fra Dio e No\u00e8 liberato dalle acque del diluvio. Dal libro della G\u00e8nesi Dio disse a No\u00e8\/ e ai suoi figli con lui:\/ \u00abQuanto a&#8230;<\/p>\n","protected":false},"author":3,"featured_media":0,"comment_status":"closed","ping_status":"closed","sticky":false,"template":"","format":"standard","meta":{"_kad_post_transparent":"","_kad_post_title":"","_kad_post_layout":"","_kad_post_sidebar_id":"","_kad_post_content_style":"","_kad_post_vertical_padding":"","_kad_post_feature":"","_kad_post_feature_position":"","_kad_post_header":false,"_kad_post_footer":false,"_kad_post_classname":"","footnotes":""},"categories":[99,4],"tags":[42,61,174],"class_list":["post-227976","post","type-post","status-publish","format-standard","hentry","category-99","category-audio-cattolici","tag-lettura-del-vangelo","tag-letture-in-mp3","tag-quaresima"],"_links":{"self":[{"href":"https:\/\/archivio.cercoiltuovolto.it\/index.php?rest_route=\/wp\/v2\/posts\/227976","targetHints":{"allow":["GET"]}}],"collection":[{"href":"https:\/\/archivio.cercoiltuovolto.it\/index.php?rest_route=\/wp\/v2\/posts"}],"about":[{"href":"https:\/\/archivio.cercoiltuovolto.it\/index.php?rest_route=\/wp\/v2\/types\/post"}],"author":[{"embeddable":true,"href":"https:\/\/archivio.cercoiltuovolto.it\/index.php?rest_route=\/wp\/v2\/users\/3"}],"replies":[{"embeddable":true,"href":"https:\/\/archivio.cercoiltuovolto.it\/index.php?rest_route=%2Fwp%2Fv2%2Fcomments&post=227976"}],"version-history":[{"count":0,"href":"https:\/\/archivio.cercoiltuovolto.it\/index.php?rest_route=\/wp\/v2\/posts\/227976\/revisions"}],"wp:attachment":[{"href":"https:\/\/archivio.cercoiltuovolto.it\/index.php?rest_route=%2Fwp%2Fv2%2Fmedia&parent=227976"}],"wp:term":[{"taxonomy":"category","embeddable":true,"href":"https:\/\/archivio.cercoiltuovolto.it\/index.php?rest_route=%2Fwp%2Fv2%2Fcategories&post=227976"},{"taxonomy":"post_tag","embeddable":true,"href":"https:\/\/archivio.cercoiltuovolto.it\/index.php?rest_route=%2Fwp%2Fv2%2Ftags&post=227976"}],"curies":[{"name":"wp","href":"https:\/\/api.w.org\/{rel}","templated":true}]}}