{"id":227969,"date":"2009-02-26T12:00:24","date_gmt":"2009-02-26T12:00:24","guid":{"rendered":"https:\/\/archivio.cercoiltuovolto.it\/?p=227969"},"modified":"2009-02-26T12:00:24","modified_gmt":"2009-02-26T12:00:24","slug":"il-web-e-linformatica-vanno-umanizzati","status":"publish","type":"post","link":"https:\/\/archivio.cercoiltuovolto.it\/?p=227969","title":{"rendered":"&#8220;Il web e l&#8217;informatica vanno umanizzati&#8221;"},"content":{"rendered":"<p style=\"text-align: justify;\"><strong>Mons. Ravasi<\/strong>: <em>il web e l&#8217;informatica vanno umanizzati, perch\u00e9 la vita \u00e8 molto di pi\u00f9 di ci\u00f2 che appare su uno schermo<\/em>.<\/p>\n<p style=\"text-align: justify;\">L&#8217;aggressivit\u00e0 dei messaggi mediatici, sub\u00ecta senza un&#8217;opportuna lettura critica, pu\u00f2 portare a una &#8220;lobotomia dell&#8217;anima&#8221;. Il rischio viene paventato dall&#8217;arcivescovo Gianfranco Ravasi, presidente del Pontificio Consiglio della Cultura, che ieri ha partecipato all&#8217;incontro organizzato dalla Associazione Athenaeum, presso l&#8217;Universit\u00e0 &#8220;La Sapienza&#8221; di Roma, sul tema &#8220;Capacit\u00e0 di intendere e di volere&#8221;. L&#8217;influenza dei media sul giudizio e sulle scelte&#8221;. Paolo Ondarza lo ha intervistato. [Leggi l&#8217;intervista su Radio Vaticana]<\/p>\n<p class=\"download\" style=\"text-align: justify;\">[download#57]<\/p>\n<p><br class=\"spacer_\" \/><\/p>\n","protected":false},"excerpt":{"rendered":"<p>Mons. Ravasi: il web e l&#8217;informatica vanno umanizzati, perch\u00e9 la vita \u00e8 molto di pi\u00f9 di ci\u00f2 che appare su uno schermo. L&#8217;aggressivit\u00e0 dei messaggi mediatici, sub\u00ecta senza un&#8217;opportuna lettura critica, pu\u00f2 portare a una &#8220;lobotomia dell&#8217;anima&#8221;. Il rischio viene paventato dall&#8217;arcivescovo Gianfranco Ravasi, presidente del Pontificio Consiglio della Cultura, che ieri ha partecipato all&#8217;incontro&#8230;<\/p>\n","protected":false},"author":3,"featured_media":0,"comment_status":"closed","ping_status":"closed","sticky":false,"template":"","format":"standard","meta":{"_kad_post_transparent":"","_kad_post_title":"","_kad_post_layout":"","_kad_post_sidebar_id":"","_kad_post_content_style":"","_kad_post_vertical_padding":"","_kad_post_feature":"","_kad_post_feature_position":"","_kad_post_header":false,"_kad_post_footer":false,"_kad_post_classname":"","footnotes":""},"categories":[99,4],"tags":[31],"class_list":["post-227969","post","type-post","status-publish","format-standard","hentry","category-99","category-audio-cattolici","tag-radio-nel-web"],"_links":{"self":[{"href":"https:\/\/archivio.cercoiltuovolto.it\/index.php?rest_route=\/wp\/v2\/posts\/227969","targetHints":{"allow":["GET"]}}],"collection":[{"href":"https:\/\/archivio.cercoiltuovolto.it\/index.php?rest_route=\/wp\/v2\/posts"}],"about":[{"href":"https:\/\/archivio.cercoiltuovolto.it\/index.php?rest_route=\/wp\/v2\/types\/post"}],"author":[{"embeddable":true,"href":"https:\/\/archivio.cercoiltuovolto.it\/index.php?rest_route=\/wp\/v2\/users\/3"}],"replies":[{"embeddable":true,"href":"https:\/\/archivio.cercoiltuovolto.it\/index.php?rest_route=%2Fwp%2Fv2%2Fcomments&post=227969"}],"version-history":[{"count":0,"href":"https:\/\/archivio.cercoiltuovolto.it\/index.php?rest_route=\/wp\/v2\/posts\/227969\/revisions"}],"wp:attachment":[{"href":"https:\/\/archivio.cercoiltuovolto.it\/index.php?rest_route=%2Fwp%2Fv2%2Fmedia&parent=227969"}],"wp:term":[{"taxonomy":"category","embeddable":true,"href":"https:\/\/archivio.cercoiltuovolto.it\/index.php?rest_route=%2Fwp%2Fv2%2Fcategories&post=227969"},{"taxonomy":"post_tag","embeddable":true,"href":"https:\/\/archivio.cercoiltuovolto.it\/index.php?rest_route=%2Fwp%2Fv2%2Ftags&post=227969"}],"curies":[{"name":"wp","href":"https:\/\/api.w.org\/{rel}","templated":true}]}}