{"id":227962,"date":"2009-02-25T10:47:55","date_gmt":"2009-02-25T10:47:55","guid":{"rendered":"https:\/\/archivio.cercoiltuovolto.it\/?p=227962"},"modified":"2009-02-25T10:47:55","modified_gmt":"2009-02-25T10:47:55","slug":"celebrazione-del-mercoledi-delle-ceneri-in-diretta","status":"publish","type":"post","link":"https:\/\/archivio.cercoiltuovolto.it\/?p=227962","title":{"rendered":"&#8220;Celebrazione del Mercoled\u00ec delle Ceneri&#8221; in diretta"},"content":{"rendered":"<p style=\"text-align: justify;\"><a rel=\"lightbox\" href=\"http:\/\/www.cercoiltuovolto.it\/\/wp-content\/uploads\/2009\/02\/ctv.jpg\"><img loading=\"lazy\" decoding=\"async\" class=\"alignleft size-full wp-image-3800\" title=\"San Pietro in diretta - Ore 10.30 del 25\/02\/2009\" src=\"http:\/\/www.cercoiltuovolto.it\/\/wp-content\/uploads\/2009\/02\/ctv.jpg\" alt=\"San Pietro in diretta - Ore 10.30 del 25\/02\/2009\" width=\"214\" height=\"174\" \/><\/a>Benedetto XVI presieder\u00e0 la <strong>Santa Messa del Mercoled\u00ec delle Ceneri<\/strong> questo pomeriggio a partire dalle 17,00. A partire dalle 16,30, infatti, il Santo Padre presieder\u00e0 la statio e la processione penitenziale nella basilica romana di Sant\u2019Anselmo. Al termine, inizier\u00e0 la Santa Messa con la benedizione e l\u2019imposizione delle Ceneri, che si terr\u00e0 nella Basilica di Santa Sabina.<\/p>\n<p style=\"text-align: justify;\">Ricordo che <span style=\"color: #ff0000;\"><strong>\u00e8 possibile seguire la diretta on-line<\/strong><\/span> grazie ai canali messi a disposizione dal <a href=\"http:\/\/www.vatican.va\/news_services\/television\/index-plugin_it.htm\" target=\"_blank\">Centro Televisivo Vaticano<\/a> nei seguenti modi:<\/p>\n<h4 style=\"text-align: left;\">VLC &#8211;                    QUICKTIME &#8211; MPEG4<\/h4>\n<p style=\"text-align: left;\">(Connessione Unicast)<\/p>\n<ul style=\"text-align: left;\">\n<li>BASSA<\/li>\n<li>MEDIA<\/li>\n<li>ALTA<\/li>\n<\/ul>\n<p style=\"text-align: left;\"><br class=\"spacer_\" \/><\/p>\n<h4 style=\"text-align: left;\">VLC &#8211;                    QUICKTIME &#8211; H.264<\/h4>\n<p style=\"text-align: left;\">(Connessione Unicast)<\/p>\n<ul style=\"text-align: left;\">\n<li> BASSA<\/li>\n<li>MEDIA<\/li>\n<li>ALTA<\/li>\n<\/ul>\n<p class=\"info\"><strong>ATTENZIONE<\/strong>: E&#8217; necessario avere <a href=\"http:\/\/www.apple.com\/it\/quicktime\/download\/\" target=\"_blank\">Quicktime<\/a> installato<\/p>\n","protected":false},"excerpt":{"rendered":"<p>Benedetto XVI presieder\u00e0 la Santa Messa del Mercoled\u00ec delle Ceneri questo pomeriggio a partire dalle 17,00. A partire dalle 16,30, infatti, il Santo Padre presieder\u00e0 la statio e la processione penitenziale nella basilica romana di Sant\u2019Anselmo. Al termine, inizier\u00e0 la Santa Messa con la benedizione e l\u2019imposizione delle Ceneri, che si terr\u00e0 nella Basilica di&#8230;<\/p>\n","protected":false},"author":3,"featured_media":0,"comment_status":"closed","ping_status":"closed","sticky":false,"template":"","format":"standard","meta":{"_kad_post_transparent":"","_kad_post_title":"","_kad_post_layout":"","_kad_post_sidebar_id":"","_kad_post_content_style":"","_kad_post_vertical_padding":"","_kad_post_feature":"","_kad_post_feature_position":"","_kad_post_header":false,"_kad_post_footer":false,"_kad_post_classname":"","footnotes":""},"categories":[99,168],"tags":[73,174,9],"class_list":["post-227962","post","type-post","status-publish","format-standard","hentry","category-99","category-avvisi","tag-benedetto-xvi","tag-quaresima","tag-vaticano"],"_links":{"self":[{"href":"https:\/\/archivio.cercoiltuovolto.it\/index.php?rest_route=\/wp\/v2\/posts\/227962","targetHints":{"allow":["GET"]}}],"collection":[{"href":"https:\/\/archivio.cercoiltuovolto.it\/index.php?rest_route=\/wp\/v2\/posts"}],"about":[{"href":"https:\/\/archivio.cercoiltuovolto.it\/index.php?rest_route=\/wp\/v2\/types\/post"}],"author":[{"embeddable":true,"href":"https:\/\/archivio.cercoiltuovolto.it\/index.php?rest_route=\/wp\/v2\/users\/3"}],"replies":[{"embeddable":true,"href":"https:\/\/archivio.cercoiltuovolto.it\/index.php?rest_route=%2Fwp%2Fv2%2Fcomments&post=227962"}],"version-history":[{"count":0,"href":"https:\/\/archivio.cercoiltuovolto.it\/index.php?rest_route=\/wp\/v2\/posts\/227962\/revisions"}],"wp:attachment":[{"href":"https:\/\/archivio.cercoiltuovolto.it\/index.php?rest_route=%2Fwp%2Fv2%2Fmedia&parent=227962"}],"wp:term":[{"taxonomy":"category","embeddable":true,"href":"https:\/\/archivio.cercoiltuovolto.it\/index.php?rest_route=%2Fwp%2Fv2%2Fcategories&post=227962"},{"taxonomy":"post_tag","embeddable":true,"href":"https:\/\/archivio.cercoiltuovolto.it\/index.php?rest_route=%2Fwp%2Fv2%2Ftags&post=227962"}],"curies":[{"name":"wp","href":"https:\/\/api.w.org\/{rel}","templated":true}]}}